{"id":9244,"date":"2013-01-22T10:04:37","date_gmt":"2013-01-22T10:04:37","guid":{"rendered":"http:\/\/www.agriatv.hu\/?p=9244"},"modified":"2013-01-22T10:07:17","modified_gmt":"2013-01-22T10:07:17","slug":"lmp-az-eger-patakert-a-gyalogosokert-es-a-kerekparosokert","status":"publish","type":"post","link":"https:\/\/www.agriatv.hu\/?p=9244","title":{"rendered":"LMP: Az Eger-patak\u00e9rt, a gyalogosok\u00e9rt \u00e9s a ker\u00e9kp\u00e1rosok\u00e9rt!"},"content":{"rendered":"<p><img loading=\"lazy\" decoding=\"async\" class=\"alignleft\" id=\"il_fi\" style=\"padding-right: 8px; padding-top: 8px; padding-bottom: 8px;\" alt=\"\" src=\"http:\/\/www.tveger.hu\/kepek\/galeriak\/Kerekpar%20ut%20kialakitasa%20az%20Eger-patak%20menten121010\/IMG_6219.JPG\" width=\"125\" height=\"94\" \/>A Lehet M\u00e1s a Politika Heves Megyei Szervezete \u00fcdv\u00f6zli, hogy hossz\u00fa v\u00e1rakoz\u00e1s ut\u00e1n megkezd\u0151dtek a fel\u00faj\u00edt\u00e1si munk\u00e1latok Eger belv\u00e1ros\u00e1ban. A k\u00f6zel \u00f6tmilli\u00e1rd forintba ker\u00fcl\u0151 elk\u00e9pzel\u00e9sek k\u00f6z\u00f6tt szerepel az egri ker\u00e9kp\u00e1ros infrastrukt\u00far\u00e1t \u00f6sszek\u00f6t\u0151 ker\u00e9kp\u00e1r\u00fat meg\u00e9p\u00edt\u00e9se is. A tervek szerint a ker\u00e9kp\u00e1r\u00fat a patakmederben kanyarog majd az \u00c1rva k\u00f6zt\u0151l az Eszperant\u00f3 s\u00e9t\u00e1nyig \u00e9s mintegy sz\u00e1z\u00f6tven milli\u00f3 forintba fog ker\u00fclni.<\/p>\n<p>Egy\u00e9rtelm\u0171en meg\u00e1llap\u00edthat\u00f3, hogy a tervezett ker\u00e9kp\u00e1r\u00fat dr\u00e1ga, vesz\u00e9lyezteti a v\u00e1ros egyetlen z\u00f6ldfolyos\u00f3j\u00e1t \u00e9s a takar\u00edt\u00e1sok, karbantart\u00e1sok folyamatos kiad\u00e1sokkal fogj\u00e1k terhelni a k\u00f6lts\u00e9gvet\u00e9st. T\u00f6bbsz\u00f6r jelezt\u00fck a v\u00e1rosvezet\u00e9snek, hogy az elk\u00e9pzel\u00e9s ebben a form\u00e1j\u00e1ban pazarl\u00f3 \u00e9s a ker\u00e9kp\u00e1r\u00fat nem fogja tudni bet\u00f6lteni a szerep\u00e9t, holott l\u00e9tezik olcs\u00f3bb \u00e9s k\u00edm\u00e9letesebb megold\u00e1s helyette. Sajn\u00e1latosnak tarjuk azt is, hogy a fel\u00faj\u00edt\u00e1si munk\u00e1latok tervez\u00e9si szakasz\u00e1ban elmaradt az egriek \u00e9rdemi, sz\u00e9lesk\u00f6r\u0171 t\u00e1j\u00e9koztat\u00e1sa, ker\u00e9kp\u00e1ros \u00e9s k\u00f6rnyezetv\u00e9delmi szakmai szervezetek javaslataira pedig nem volt nyitott a v\u00e1rosvezet\u00e9s.<\/p>\n<p>A fenti okok miatt al\u00e1\u00edr\u00e1sgy\u0171jt\u00e9sbe kezdt\u00fcnk, mert \u00fagy l\u00e1tjuk, hogy a v\u00e1rosvezet\u00e9s nem tudott vagy nem akart mindenkit meghallgatni. A pet\u00edci\u00f3ban kezdem\u00e9nyezz\u00fck, hogy a pazarl\u00f3 ker\u00e9kp\u00e1r\u00fat helyett a Belv\u00e1ros legyen gyalogos-ker\u00e9kp\u00e1ros \u00f6vezet. Ez a megold\u00e1s takar\u00e9kos, el\u0151remutat\u00f3 \u00e9s okos bel\u00e1t\u00e1son alapul, sz\u00e1zmilli\u00f3k helyett sz\u00e1zezrekb\u0151l is kivitelezhet\u0151!<\/p>\n<p>E pet\u00edci\u00f3val fordulunk azokhoz az egriekhez, akik \u00fagy gondolj\u00e1k, hogy ez a beruh\u00e1z\u00e1s pazarl\u00f3 \u00e9s \u00e9rtelmetlen, hogy az Eger-patak egy z\u00f6ld sz\u00ednfolt a v\u00e1ros k\u00f6zep\u00e9n, \u00e9s nem \u00e9rdemli meg, hogy megsz\u0171nj\u00f6n. K\u00e9rj\u00fck, hogy csatlakoz\u00e1sukkal jelezz\u00e9k a v\u00e1rosvezet\u00e9snek, hogy ebben a form\u00e1ban nem tudj\u00e1k t\u00e1mogatni a beruh\u00e1z\u00e1st! Term\u00e9szetesen t\u00e1rsadalmi szervezetek csatlakoz\u00e1s\u00e1t is v\u00e1rjuk.<\/p>\n<p>A pet\u00edci\u00f3hoz itt lehet csatlakozni, itt lehet al\u00e1\u00edrni:<\/p>\n<p><a href=\"http:\/\/www.peticiok.com\/gyalogos-kerekparos_belvarosi_ovezetet_egerbe\">http:\/\/www.peticiok.com\/gyalogos-kerekparos_belvarosi_ovezetet_egerbe<\/a><\/p>\n<p>\u00dagy l\u00e1tjuk sok egrihez hasonl\u00f3an, hogy p\u00e9nz\u00fcgyi, k\u00f6zleked\u00e9si, k\u00f6rnyezet-, \u00e9s term\u00e9szetv\u00e9delmi szempontokb\u00f3l egy\u00e9rtelm\u0171en negat\u00edv kil\u00e1t\u00e1sai vannak az \u00f6tletnek \u00e9s a megval\u00f3s\u00edt\u00e1snak, \u00e9s sok\u00e1ig fogja ny\u00f6gni ezt a terhet a v\u00e1ros.<\/p>\n<p>&nbsp;<\/p>\n<p><b>LMP Heves Megyei Szervezete<\/b><\/p>\n<p>Az Eger-patak\u00e9rt, a gyalogosok\u00e9rt \u00e9s a ker\u00e9kp\u00e1rosok\u00e9rt!\u00a0 Az \u00e9rtelmes egy\u00fctt\u00e9l\u00e9s\u00e9rt!<\/p>\n","protected":false},"excerpt":{"rendered":"<p>A Lehet M\u00e1s a Politika Heves Megyei Szervezete \u00fcdv\u00f6zli, hogy hossz\u00fa v\u00e1rakoz\u00e1s ut\u00e1n megkezd\u0151dtek a fel\u00faj\u00edt\u00e1si munk\u00e1latok Eger belv\u00e1ros\u00e1ban. A k\u00f6zel \u00f6tmilli\u00e1rd forintba ker\u00fcl\u0151 elk\u00e9pzel\u00e9sek k\u00f6z\u00f6tt szerepel az egri ker\u00e9kp\u00e1ros infrastrukt\u00far\u00e1t \u00f6sszek\u00f6t\u0151 ker\u00e9kp\u00e1r\u00fat meg\u00e9p\u00edt\u00e9se is. A tervek szerint a ker\u00e9kp\u00e1r\u00fat a patakmederben kanyarog majd az \u00c1rva k\u00f6zt\u0151l az Eszperant\u00f3 s\u00e9t\u00e1nyig \u00e9s mintegy sz\u00e1z\u00f6tven milli\u00f3 forintba [&#8230;]<\/p>\n","protected":false},"author":4,"featured_media":0,"comment_status":"open","ping_status":"open","sticky":false,"template":"","format":"standard","meta":{"footnotes":""},"categories":[6,3,4],"tags":[234,224,1556],"class_list":["post-9244","post","type-post","status-publish","format-standard","hentry","category-belfold","category-politika","category-szabadido","tag-kerekpar","tag-lmp","tag-peticio"],"_links":{"self":[{"href":"https:\/\/www.agriatv.hu\/index.php?rest_route=\/wp\/v2\/posts\/9244","targetHints":{"allow":["GET"]}}],"collection":[{"href":"https:\/\/www.agriatv.hu\/index.php?rest_route=\/wp\/v2\/posts"}],"about":[{"href":"https:\/\/www.agriatv.hu\/index.php?rest_route=\/wp\/v2\/types\/post"}],"author":[{"embeddable":true,"href":"https:\/\/www.agriatv.hu\/index.php?rest_route=\/wp\/v2\/users\/4"}],"replies":[{"embeddable":true,"href":"https:\/\/www.agriatv.hu\/index.php?rest_route=%2Fwp%2Fv2%2Fcomments&post=9244"}],"version-history":[{"count":3,"href":"https:\/\/www.agriatv.hu\/index.php?rest_route=\/wp\/v2\/posts\/9244\/revisions"}],"predecessor-version":[{"id":9246,"href":"https:\/\/www.agriatv.hu\/index.php?rest_route=\/wp\/v2\/posts\/9244\/revisions\/9246"}],"wp:attachment":[{"href":"https:\/\/www.agriatv.hu\/index.php?rest_route=%2Fwp%2Fv2%2Fmedia&parent=9244"}],"wp:term":[{"taxonomy":"category","embeddable":true,"href":"https:\/\/www.agriatv.hu\/index.php?rest_route=%2Fwp%2Fv2%2Fcategories&post=9244"},{"taxonomy":"post_tag","embeddable":true,"href":"https:\/\/www.agriatv.hu\/index.php?rest_route=%2Fwp%2Fv2%2Ftags&post=9244"}],"curies":[{"name":"wp","href":"https:\/\/api.w.org\/{rel}","templated":true}]}}