{"id":9247,"date":"2013-01-21T10:11:14","date_gmt":"2013-01-21T10:11:14","guid":{"rendered":"http:\/\/www.agriatv.hu\/?p=9247"},"modified":"2013-01-22T10:12:20","modified_gmt":"2013-01-22T10:12:20","slug":"mszp-heves-megye-a-szegenyedes-utjan","status":"publish","type":"post","link":"https:\/\/www.agriatv.hu\/?p=9247","title":{"rendered":"MSZP: Heves megye a szeg\u00e9nyed\u00e9s \u00fatj\u00e1n"},"content":{"rendered":"<p><b><a href=\"https:\/\/www.agriatv.hu\/wp-content\/uploads\/2013\/01\/kor.jpg\"><img loading=\"lazy\" decoding=\"async\" class=\"alignleft size-thumbnail wp-image-9249\" alt=\"kor\" src=\"https:\/\/www.agriatv.hu\/wp-content\/uploads\/2013\/01\/kor-150x150.jpg\" width=\"73\" height=\"73\" \/><\/a>Heves megy\u00e9ben a foglalkoztatottak sz\u00e1ma 3 sz\u00e1zal\u00e9kkal, a munkan\u00e9lk\u00fcliek\u00e9 10 sz\u00e1zal\u00e9kkal cs\u00f6kkent egy \u00e9v alatt a KSH legut\u00f3bbi, 2012. III. negyed\u00e9vi felm\u00e9r\u00e9se alapj\u00e1n. <\/b><\/p>\n<p>Elmondhat\u00f3, hogy rosszabb a Heves megyei \u00e1tlag, mint az orsz\u00e1gos.<\/p>\n<p>Az egy lakosra jut\u00f3 fejleszt\u00e9sek \u00f6sszege megy\u00e9nkben 118 ezer forint, m\u00edg orsz\u00e1gosan 200 ezer forint. Ez jelent\u0151sen er\u0151s\u00edti a t\u00e9rs\u00e9g\u00fcnk leszakad\u00e1s\u00e1t. T\u00edzezrek \u00e9heznek ma Heves megy\u00e9ben, k\u00f6sz\u00f6nhet\u0151en a j\u00f6vedelmek jelent\u0151s re\u00e1lpoz\u00edci\u00f3beli visszaes\u00e9s\u00e9nek.<\/p>\n<p>Nem indultak kor\u00e1bban az el\u0151z\u0151 ciklusban eld\u00f6nt\u00f6tt, kiemelt beruh\u00e1z\u00e1sok\u2026<\/p>\n<p>Megy\u00e9nk \u00e9p\u00edt\u0151ipar\u00e1n\u00e1l m\u00falt \u00e9vben tov\u00e1bbi visszaes\u00e9s volt megfigyelhet\u0151.<\/p>\n<p><b>A Magyar Szocialista P\u00e1rt Heves Megyei Ter\u00fcleti Sz\u00f6vets\u00e9ge p\u00e1rbesz\u00e9det kezdem\u00e9nyez minden demokrat\u00e1val, demokratikus er\u0151vel a fejl\u0151d\u00e9s \u00e9rdek\u00e9ben a megye telep\u00fcl\u00e9sein.<\/b><\/p>\n<p>A k\u00f6vetkez\u0151 hetekben civilszervezetekkel, \u00e9rdekk\u00e9pviseletekkel, politikai szervezetekkel, gazdas\u00e1gi vezet\u0151kkel folytatunk egyeztet\u00e9st.<\/p>\n<p><b>Az es\u00e9lyteremt\u00e9s \u00e9s a felz\u00e1rk\u00f3ztat\u00e1s \u00e9rdek\u00e9ben az MSZP kidolgozta a Kelet- Magyarorsz\u00e1g Programot.<\/b><\/p>\n<p>&nbsp;<\/p>\n<p>&nbsp;<\/p>\n<p><i>\u00a0\u00a0\u00a0\u00a0\u00a0\u00a0\u00a0\u00a0\u00a0\u00a0\u00a0\u00a0\u00a0\u00a0\u00a0\u00a0\u00a0\u00a0\u00a0\u00a0\u00a0\u00a0\u00a0\u00a0\u00a0\u00a0\u00a0\u00a0\u00a0\u00a0\u00a0\u00a0\u00a0\u00a0 Kor\u00f3zs Lajos \u00a0\u00a0\u00a0\u00a0\u00a0\u00a0\u00a0\u00a0\u00a0\u00a0\u00a0\u00a0\u00a0\u00a0\u00a0\u00a0\u00a0\u00a0\u00a0\u00a0\u00a0\u00a0\u00a0\u00a0\u00a0\u00a0\u00a0\u00a0\u00a0\u00a0\u00a0\u00a0\u00a0\u00a0\u00a0\u00a0 Dr. S\u00f3s Tam\u00e1s<\/i><\/p>\n<p><i>\u00a0\u00a0\u00a0\u00a0\u00a0\u00a0\u00a0\u00a0\u00a0\u00a0\u00a0\u00a0\u00a0\u00a0\u00a0\u00a0\u00a0\u00a0\u00a0\u00a0\u00a0\u00a0\u00a0 \u00a0\u00a0\u00a0 Orsz\u00e1gos Eln\u00f6ks\u00e9gi Tag \u00a0\u00a0\u00a0\u00a0\u00a0\u00a0\u00a0\u00a0\u00a0\u00a0\u00a0\u00a0\u00a0\u00a0 \u00a0\u00a0\u00a0\u00a0\u00a0Orsz\u00e1ggy\u0171l\u00e9si k\u00e9pvisel\u0151<\/i><\/p>\n<p><i>\u00a0\u00a0\u00a0\u00a0\u00a0\u00a0\u00a0\u00a0\u00a0\u00a0\u00a0\u00a0\u00a0\u00a0\u00a0\u00a0\u00a0\u00a0\u00a0\u00a0\u00a0\u00a0\u00a0\u00a0\u00a0\u00a0\u00a0\u00a0\u00a0\u00a0\u00a0\u00a0\u00a0\u00a0 \u00a0\u00a0 MSZP \u00a0\u00a0\u00a0\u00a0\u00a0\u00a0\u00a0\u00a0\u00a0\u00a0\u00a0\u00a0\u00a0\u00a0\u00a0\u00a0\u00a0\u00a0\u00a0\u00a0\u00a0\u00a0\u00a0\u00a0\u00a0\u00a0\u00a0\u00a0\u00a0\u00a0\u00a0\u00a0\u00a0\u00a0\u00a0\u00a0\u00a0\u00a0\u00a0\u00a0\u00a0\u00a0\u00a0\u00a0 \u00a0\u00a0\u00a0\u00a0\u00a0\u00a0MSZP <\/i><\/p>\n<p>&nbsp;<\/p>\n<p>&nbsp;<\/p>\n<p align=\"center\"><b><a href=\"https:\/\/www.agriatv.hu\/wp-content\/uploads\/2013\/01\/Dr.-Gondos-Istv\u00e1n.jpg\"><img loading=\"lazy\" decoding=\"async\" class=\"alignleft size-thumbnail wp-image-9250\" alt=\"Dr. Gondos Istv\u00e1n\" src=\"https:\/\/www.agriatv.hu\/wp-content\/uploads\/2013\/01\/Dr.-Gondos-Istv\u00e1n-150x150.jpg\" width=\"71\" height=\"71\" \/><\/a>Reakci\u00f3: Kor\u00f3zs Lajos krisztusi k\u00fcldet\u00e9se<\/b><\/p>\n<p>&nbsp;<\/p>\n<p>A szocialist\u00e1k m\u00falt heti, kolozsv\u00e1ri kamp\u00e1nyturn\u00e9ja sor\u00e1n Kor\u00f3zs Lajos al\u00e1\u00edr\u00e1s\u00e1val is f\u00e9mjelzett hitvall\u00e1s ker\u00fclt a Szent Mih\u00e1ly templom vend\u00e9gk\u00f6nyv\u00e9be, id\u00e9zem sz\u00f3 szerint: <b><i>\u201ej\u00f6tt\u00fcnk el Magyarorsz\u00e1gr\u00f3l mi, magyar szocialist\u00e1k, akik sz\u00e1m\u00e1ra az elesettek, a megal\u00e1zottak, a seg\u00edts\u00e9gre szorul\u00f3k megseg\u00edt\u00e9se a legf\u0151bb c\u00e9l, mik\u00e9nt volt J\u00e9zus Krisztus\u00e9.\u201d <\/i><\/b><\/p>\n<p>Lelki szemeimmel l\u00e1tom, ahogyan Kor\u00f3zs Lajos, az MSZP kamp\u00e1nyturn\u00e9 egyik reggel\u00e9n \u00fcld\u00f6g\u00e9l a luxussz\u00e1lloda hallj\u00e1ban \u2013 amely hotel egy\u00e9bk\u00e9nt a Manchester United vil\u00e1gszt\u00e1rjainak is megfelelt hajl\u00e9kul \u2013 \u00e9s a statisztikai adatokat olvasgatva meg\u00e1llap\u00edtja, hogy nagy a szeg\u00e9nys\u00e9g. Mivel r\u00f6gz\u00edtett\u00e9k az id\u00e9zett krisztusi k\u00fcldet\u00e9s\u00fcket, \u00edgy azonnal tenni\u00fck kell valamit: megold\u00e1sk\u00e9nt S\u00f3s Tam\u00e1ssal tartanak Egerben egy sajt\u00f3t\u00e1j\u00e9koztat\u00f3t.<\/p>\n<p>A Heves megyei szocialista misszi\u00f3 figyelm\u00e9t bizony\u00e1ra elker\u00fclte az a t\u00e9ny, hogy a csal\u00e1dok rezsik\u00f6lts\u00e9geinek m\u00e9rs\u00e9kl\u00e9se \u00e9rdek\u00e9ben a villamos energia, a f\u00f6ldg\u00e1z \u00e9s a t\u00e1vf\u0171t\u00e9s lakoss\u00e1gi \u00e1r\u00e1t 2013. janu\u00e1r 1-j\u00e9t\u0151l t\u00edz sz\u00e1zal\u00e9kkal cs\u00f6kkentette a korm\u00e1ny. 22 \u00e9ve nem volt p\u00e9lda arra, hogy egy korm\u00e1nyzat ne n\u00f6velje, hanem cs\u00f6kkentse a lakoss\u00e1gi energiak\u00f6lts\u00e9get. Szint\u00e9n janu\u00e1r elsej\u00e9t\u0151l 5,2 sz\u00e1zal\u00e9kkal emelkedtek a nyugd\u00edjak, mely int\u00e9zked\u00e9s t\u00f6bb mint 2,8 milli\u00f3 embert \u00e9rint, k\u00f6zt\u00fck a megv\u00e1ltozott munkak\u00e9pess\u00e9g\u0171eket, illetve azokat a n\u0151ket is, akik a 40 munk\u00e1ban t\u00f6lt\u00f6tt \u00e9v ut\u00e1n vonultak nyugd\u00edjba. Mindezek mellett eml\u00edt\u00e9st \u00e9rdemel, hogy megy\u00e9nkben 67 telep\u00fcl\u00e9s, t\u00f6bb mint egymilli\u00e1rd, ezen fel\u00fcl Eger tov\u00e1bbi egymilli\u00e1rd forint t\u00e1mogat\u00e1st kapott.<\/p>\n<p>A felsorolt korm\u00e1nyzati int\u00e9zked\u00e9sekkel szemben, Kor\u00f3zs Lajos alternat\u00edvak\u00e9nt sokadj\u00e1ra emlegeti a sosem l\u00e1tott szocialista programot, melyet a most meghasonlott \u00e9s imm\u00e1r vall\u00e1sos MSZP tal\u00e1n szocialista testamentum n\u00e9ven fog lobogtatni.<\/p>\n<p>Eger, 2013.01.21<\/p>\n<p>Dr. Gondos Istv\u00e1n<\/p>\n<p>Heves Megyei K\u00f6zgy\u0171l\u00e9s<\/p>\n<p>Fidesz-KDNP frakci\u00f3vezet\u0151<\/p>\n","protected":false},"excerpt":{"rendered":"<p>Heves megy\u00e9ben a foglalkoztatottak sz\u00e1ma 3 sz\u00e1zal\u00e9kkal, a munkan\u00e9lk\u00fcliek\u00e9 10 sz\u00e1zal\u00e9kkal cs\u00f6kkent egy \u00e9v alatt a KSH legut\u00f3bbi, 2012. III. negyed\u00e9vi felm\u00e9r\u00e9se alapj\u00e1n.<br \/>\nElmondhat\u00f3, hogy rosszabb a Heves megyei \u00e1tlag, mint az orsz\u00e1gos.<br \/>\nAz egy lakosra jut\u00f3 fejleszt\u00e9sek \u00f6sszege megy\u00e9nkben 118 ezer forint, m\u00edg orsz\u00e1gosan 200 ezer forint. Ez jelent\u0151sen er\u0151s\u00edti a t\u00e9rs\u00e9g\u00fcnk leszakad\u00e1s\u00e1t. T\u00edzezrek \u00e9heznek [&#8230;]<\/p>\n","protected":false},"author":4,"featured_media":0,"comment_status":"open","ping_status":"open","sticky":false,"template":"","format":"standard","meta":{"footnotes":""},"categories":[6,3],"tags":[80,79],"class_list":["post-9247","post","type-post","status-publish","format-standard","hentry","category-belfold","category-politika","tag-fidesz","tag-mszp"],"_links":{"self":[{"href":"https:\/\/www.agriatv.hu\/index.php?rest_route=\/wp\/v2\/posts\/9247","targetHints":{"allow":["GET"]}}],"collection":[{"href":"https:\/\/www.agriatv.hu\/index.php?rest_route=\/wp\/v2\/posts"}],"about":[{"href":"https:\/\/www.agriatv.hu\/index.php?rest_route=\/wp\/v2\/types\/post"}],"author":[{"embeddable":true,"href":"https:\/\/www.agriatv.hu\/index.php?rest_route=\/wp\/v2\/users\/4"}],"replies":[{"embeddable":true,"href":"https:\/\/www.agriatv.hu\/index.php?rest_route=%2Fwp%2Fv2%2Fcomments&post=9247"}],"version-history":[{"count":4,"href":"https:\/\/www.agriatv.hu\/index.php?rest_route=\/wp\/v2\/posts\/9247\/revisions"}],"predecessor-version":[{"id":9254,"href":"https:\/\/www.agriatv.hu\/index.php?rest_route=\/wp\/v2\/posts\/9247\/revisions\/9254"}],"wp:attachment":[{"href":"https:\/\/www.agriatv.hu\/index.php?rest_route=%2Fwp%2Fv2%2Fmedia&parent=9247"}],"wp:term":[{"taxonomy":"category","embeddable":true,"href":"https:\/\/www.agriatv.hu\/index.php?rest_route=%2Fwp%2Fv2%2Fcategories&post=9247"},{"taxonomy":"post_tag","embeddable":true,"href":"https:\/\/www.agriatv.hu\/index.php?rest_route=%2Fwp%2Fv2%2Ftags&post=9247"}],"curies":[{"name":"wp","href":"https:\/\/api.w.org\/{rel}","templated":true}]}}