{"id":9274,"date":"2013-01-24T17:07:06","date_gmt":"2013-01-24T17:07:06","guid":{"rendered":"http:\/\/www.agriatv.hu\/?p=9274"},"modified":"2013-01-24T17:07:06","modified_gmt":"2013-01-24T17:07:06","slug":"iv-junior-expo","status":"publish","type":"post","link":"https:\/\/www.agriatv.hu\/?p=9274","title":{"rendered":"IV Junior Expo"},"content":{"rendered":"<p><a href=\"https:\/\/www.agriatv.hu\/wp-content\/uploads\/2013\/01\/0124alapitvany_V.jpg\"><img loading=\"lazy\" decoding=\"async\" class=\"alignleft size-medium wp-image-9275\" alt=\"0124alapitvany_V\" src=\"https:\/\/www.agriatv.hu\/wp-content\/uploads\/2013\/01\/0124alapitvany_V-300x240.jpg\" width=\"135\" height=\"92\" \/><\/a><i>\u201eA j\u00f6v\u0151 tud\u00e1sb\u00f3l \u00e9s tehets\u00e9gb\u0151l \u00e9p\u00fcl<\/i>\u201d- Ez a felismer\u00e9s a forr\u00e1sa annak a gondolatnak, amelyb\u0151l a Junior Expo \u00f6tlete sz\u00fcletett. Ez egy olyan kezdem\u00e9nyez\u00e9s, amely fiatalokt\u00f3l sz\u00e1rmazik, a fiatalok\u00e9rt k\u00edv\u00e1n tenni, de nem csak a fiatalokr\u00f3l, hanem valamennyi\u00fcnkr\u0151l sz\u00f3l.<\/p>\n<p>Az Agria Universitas Egyes\u00fclet 2010-ben rendezte meg els\u0151 alkalommal a Junior Expo-t, melyre v\u00e1llalkoz\u00f3k az \u00c9szak-Magyarorsz\u00e1gi r\u00e9gi\u00f3 ter\u00fclet\u00e9r\u0151l \u00e9rkeztek. A m\u00e1sodik Junior Expo 2011-ben m\u00e1r orsz\u00e1gos rendezv\u00e9ny volt. A ki\u00e1ll\u00edt\u00e1s l\u00e1togat\u00f3i mellett minden alkalommal szakmai zs\u0171ri min\u0151s\u00edtette a v\u00e1llalkoz\u00e1sokat, illetve azok ki\u00e1ll\u00edt\u00e1son val\u00f3 megjelen\u00e9s\u00e9t. A verseny \u00f6sszd\u00edjaz\u00e1sa meghaladta az \u00e9venk\u00e9nti 2 milli\u00f3 forintot.<br \/>\nAz idei, imm\u00e1r negyedik, Junior Expo legsikeresebb v\u00e1llalkoz\u00f3ja lehet\u0151s\u00e9get kap K\u00edn\u00e1ban egy szakmai ki\u00e1ll\u00edt\u00e1son val\u00f3 r\u00e9szv\u00e9telre!<\/p>\n<p>A v\u00e1llalkoz\u00f3k Egerben, az Agria Park Ki\u00e1ll\u00edt\u00f3 term\u00e9ben mutatkozhatnak be, a megjelen\u00e9s form\u00e1ja szabadon v\u00e1laszthat\u00f3.<\/p>\n<div class=\"wordtube\">\n<div class=\"wordtube single783\" id=\"WT1_1\" style=\"width:320px; height:240px;\">\n<a href=\"http:\/\/www.macromedia.com\/go\/getflashplayer\">Get the Flash Player<\/a> to see the wordTube Media Player.\n<\/div><\/div>\n\t<script type=\"text\/javascript\" defer=\"defer\">\nvar WT1_1 = {\n\tparams : {\n\t\twmode : \"opaque\",\n\t\tallowscriptaccess : \"always\",\n\t\tallownetworking : \"all\",\n\t\tallowfullscreen : \"true\"},\n\tflashvars : {\n\t\tfile : \"http%3A%2F%2Fwww.agriatv.hu%2Fwp-content%2Fuploads%2F2013%2F01%2F0124alapitvany.flv\",\n\t\tvolume : \"80\",\n\t\tbufferlength : \"5\",\n\t\tquality : \"false\",\n\t\t'logo.hide' : \"false\",\n\t\timage : \"http%3A%2F%2Fwww.agriatv.hu%2Fwp-content%2Fuploads%2F2013%2F01%2F0124alapitvany.jpg\",\n\t\ttitle : \"0124alapitvany.flv\",\n\t\tlinktarget : \"_self\"},\n\tattr : {\n\t\tid : \"WT1\",\n\t\tname : \"WT1\"},\n\tstart : function() {\n\t\tswfobject.embedSWF(\"https:\/\/www.agriatv.hu\/\/player.swf\", \"WT1_1\", \"320\", \"240\", \"9.0.0\", false, this.flashvars, this.params , this.attr );\n\t}\n}\nWT1_1.start();\n\t<\/script>\n\n","protected":false},"excerpt":{"rendered":"<p>\u201eA j\u00f6v\u0151 tud\u00e1sb\u00f3l \u00e9s tehets\u00e9gb\u0151l \u00e9p\u00fcl\u201d- Ez a felismer\u00e9s a forr\u00e1sa annak a gondolatnak, amelyb\u0151l a Junior Expo \u00f6tlete sz\u00fcletett. Ez egy olyan kezdem\u00e9nyez\u00e9s, amely fiatalokt\u00f3l sz\u00e1rmazik, a fiatalok\u00e9rt k\u00edv\u00e1n tenni, de nem csak a fiatalokr\u00f3l, hanem valamennyi\u00fcnkr\u0151l sz\u00f3l.<br \/>\nAz Agria Universitas Egyes\u00fclet 2010-ben rendezte meg els\u0151 alkalommal a Junior Expo-t, melyre v\u00e1llalkoz\u00f3k az \u00c9szak-Magyarorsz\u00e1gi r\u00e9gi\u00f3 [&#8230;]<\/p>\n","protected":false},"author":4,"featured_media":0,"comment_status":"open","ping_status":"open","sticky":false,"template":"","format":"standard","meta":{"footnotes":""},"categories":[6,450],"tags":[848],"class_list":["post-9274","post","type-post","status-publish","format-standard","hentry","category-belfold","category-gazdasag-2","tag-expo"],"_links":{"self":[{"href":"https:\/\/www.agriatv.hu\/index.php?rest_route=\/wp\/v2\/posts\/9274","targetHints":{"allow":["GET"]}}],"collection":[{"href":"https:\/\/www.agriatv.hu\/index.php?rest_route=\/wp\/v2\/posts"}],"about":[{"href":"https:\/\/www.agriatv.hu\/index.php?rest_route=\/wp\/v2\/types\/post"}],"author":[{"embeddable":true,"href":"https:\/\/www.agriatv.hu\/index.php?rest_route=\/wp\/v2\/users\/4"}],"replies":[{"embeddable":true,"href":"https:\/\/www.agriatv.hu\/index.php?rest_route=%2Fwp%2Fv2%2Fcomments&post=9274"}],"version-history":[{"count":3,"href":"https:\/\/www.agriatv.hu\/index.php?rest_route=\/wp\/v2\/posts\/9274\/revisions"}],"predecessor-version":[{"id":9278,"href":"https:\/\/www.agriatv.hu\/index.php?rest_route=\/wp\/v2\/posts\/9274\/revisions\/9278"}],"wp:attachment":[{"href":"https:\/\/www.agriatv.hu\/index.php?rest_route=%2Fwp%2Fv2%2Fmedia&parent=9274"}],"wp:term":[{"taxonomy":"category","embeddable":true,"href":"https:\/\/www.agriatv.hu\/index.php?rest_route=%2Fwp%2Fv2%2Fcategories&post=9274"},{"taxonomy":"post_tag","embeddable":true,"href":"https:\/\/www.agriatv.hu\/index.php?rest_route=%2Fwp%2Fv2%2Ftags&post=9274"}],"curies":[{"name":"wp","href":"https:\/\/api.w.org\/{rel}","templated":true}]}}