{"id":9611,"date":"2013-03-06T10:48:53","date_gmt":"2013-03-06T10:48:53","guid":{"rendered":"http:\/\/www.agriatv.hu\/?p=9611"},"modified":"2013-03-06T10:49:17","modified_gmt":"2013-03-06T10:49:17","slug":"kismama-mellett-szakadt-le-a-vakolat","status":"publish","type":"post","link":"https:\/\/www.agriatv.hu\/?p=9611","title":{"rendered":"Kismama mellett szakadt le a vakolat"},"content":{"rendered":"<p><a href=\"https:\/\/www.agriatv.hu\/wp-content\/uploads\/2013\/03\/0306vakolat_eger_v.jpg\"><img loading=\"lazy\" decoding=\"async\" class=\"alignleft size-medium wp-image-9612\" alt=\"0306vakolat_eger_v\" src=\"https:\/\/www.agriatv.hu\/wp-content\/uploads\/2013\/03\/0306vakolat_eger_v-300x240.jpg\" width=\"115\" height=\"67\" \/><\/a>Egy bab\u00e1j\u00e1t s\u00e9t\u00e1ltat\u00f3 kismama mellett szakadt le a vakolat Eger belv\u00e1ros\u00e1ban a Csiky S\u00e1ndor utc\u00e1ban. Szerencs\u00e9re nem s\u00e9r\u00fcltek meg, de ez csak a v\u00e9letlenen m\u00falt.<\/p>\n<p>A balesetvesz\u00e9ly miatt a t\u0171zolt\u00f3k seg\u00edts\u00e9g\u00e9t k\u00e9rt\u00e9k: \u0151k t\u00e1vol\u00edtott\u00e1k el a meglazult vagy lel\u00f3g\u00f3 vakolatot a h\u00e1z fal\u00e1r\u00f3l.<\/p>\n<p>A h\u00e1z tulajdonosai elmondt\u00e1k: k\u00e9rt\u00e9k az \u00f6nkorm\u00e1nyzatot, hogy a h\u00e1z el\u0151tt l\u00e9v\u0151 f\u00e1kat gallyaztass\u00e1k le, mert\u00a0 -szerint\u00fck -a falhoz \u00e9r\u0151 \u00e1gak \u00e9s a falevelek miatt t\u00f6rt\u00e9nt a baleset.<div class=\"wordtube\">\n<div class=\"wordtube single818\" id=\"WT1_1\" style=\"width:320px; height:240px;\">\n<a href=\"http:\/\/www.macromedia.com\/go\/getflashplayer\">Get the Flash Player<\/a> to see the wordTube Media Player.\n<\/div><\/div>\n\t<script type=\"text\/javascript\" defer=\"defer\">\nvar WT1_1 = {\n\tparams : {\n\t\twmode : \"opaque\",\n\t\tallowscriptaccess : \"always\",\n\t\tallownetworking : \"all\",\n\t\tallowfullscreen : \"true\"},\n\tflashvars : {\n\t\tfile : \"http%3A%2F%2Fwww.agriatv.hu%2Fwp-content%2Fuploads%2F2013%2F03%2F0306vakolat_eger.flv\",\n\t\tvolume : \"80\",\n\t\tbufferlength : \"5\",\n\t\tquality : \"false\",\n\t\t'logo.hide' : \"false\",\n\t\timage : \"http%3A%2F%2Fwww.agriatv.hu%2Fwp-content%2Fuploads%2F2013%2F03%2F0306vakolat_eger.jpg\",\n\t\ttitle : \"0306vakolat_eger.flv\",\n\t\tlinktarget : \"_self\"},\n\tattr : {\n\t\tid : \"WT1\",\n\t\tname : \"WT1\"},\n\tstart : function() {\n\t\tswfobject.embedSWF(\"https:\/\/www.agriatv.hu\/\/player.swf\", \"WT1_1\", \"320\", \"240\", \"9.0.0\", false, this.flashvars, this.params , this.attr );\n\t}\n}\nWT1_1.start();\n\t<\/script>\n<\/p>\n<p>&nbsp;<\/p>\n","protected":false},"excerpt":{"rendered":"<p>Egy bab\u00e1j\u00e1t s\u00e9t\u00e1ltat\u00f3 kismama mellett szakadt le a vakolat Eger belv\u00e1ros\u00e1ban a Csiky S\u00e1ndor utc\u00e1ban. Szerencs\u00e9re nem s\u00e9r\u00fcltek meg, de ez csak a v\u00e9letlenen m\u00falt.<br \/>\nA balesetvesz\u00e9ly miatt a t\u0171zolt\u00f3k seg\u00edts\u00e9g\u00e9t k\u00e9rt\u00e9k: \u0151k t\u00e1vol\u00edtott\u00e1k el a meglazult vagy lel\u00f3g\u00f3 vakolatot a h\u00e1z fal\u00e1r\u00f3l.<br \/>\nA h\u00e1z tulajdonosai elmondt\u00e1k: k\u00e9rt\u00e9k az \u00f6nkorm\u00e1nyzatot, hogy a h\u00e1z el\u0151tt l\u00e9v\u0151 f\u00e1kat gallyaztass\u00e1k [&#8230;]<\/p>\n","protected":false},"author":4,"featured_media":0,"comment_status":"open","ping_status":"open","sticky":false,"template":"","format":"standard","meta":{"footnotes":""},"categories":[5],"tags":[],"class_list":["post-9611","post","type-post","status-publish","format-standard","hentry","category-kek-hirek"],"_links":{"self":[{"href":"https:\/\/www.agriatv.hu\/index.php?rest_route=\/wp\/v2\/posts\/9611","targetHints":{"allow":["GET"]}}],"collection":[{"href":"https:\/\/www.agriatv.hu\/index.php?rest_route=\/wp\/v2\/posts"}],"about":[{"href":"https:\/\/www.agriatv.hu\/index.php?rest_route=\/wp\/v2\/types\/post"}],"author":[{"embeddable":true,"href":"https:\/\/www.agriatv.hu\/index.php?rest_route=\/wp\/v2\/users\/4"}],"replies":[{"embeddable":true,"href":"https:\/\/www.agriatv.hu\/index.php?rest_route=%2Fwp%2Fv2%2Fcomments&post=9611"}],"version-history":[{"count":4,"href":"https:\/\/www.agriatv.hu\/index.php?rest_route=\/wp\/v2\/posts\/9611\/revisions"}],"predecessor-version":[{"id":9616,"href":"https:\/\/www.agriatv.hu\/index.php?rest_route=\/wp\/v2\/posts\/9611\/revisions\/9616"}],"wp:attachment":[{"href":"https:\/\/www.agriatv.hu\/index.php?rest_route=%2Fwp%2Fv2%2Fmedia&parent=9611"}],"wp:term":[{"taxonomy":"category","embeddable":true,"href":"https:\/\/www.agriatv.hu\/index.php?rest_route=%2Fwp%2Fv2%2Fcategories&post=9611"},{"taxonomy":"post_tag","embeddable":true,"href":"https:\/\/www.agriatv.hu\/index.php?rest_route=%2Fwp%2Fv2%2Ftags&post=9611"}],"curies":[{"name":"wp","href":"https:\/\/api.w.org\/{rel}","templated":true}]}}