{"id":9621,"date":"2013-03-07T17:00:16","date_gmt":"2013-03-07T17:00:16","guid":{"rendered":"http:\/\/www.agriatv.hu\/?p=9621"},"modified":"2013-03-07T17:00:16","modified_gmt":"2013-03-07T17:00:16","slug":"mszp-a-kelet-magyarorszag-program-a-felzarkozas-felzarkoztatas-programja","status":"publish","type":"post","link":"https:\/\/www.agriatv.hu\/?p=9621","title":{"rendered":"MSZP: A Kelet-Magyarorsz\u00e1g Program a felz\u00e1rk\u00f3z\u00e1s, felz\u00e1rk\u00f3ztat\u00e1s programja"},"content":{"rendered":"<p><b><a href=\"https:\/\/www.agriatv.hu\/wp-content\/uploads\/2013\/02\/0225mszp_v.jpg\"><img loading=\"lazy\" decoding=\"async\" class=\"alignleft size-medium wp-image-9566\" alt=\"0225mszp_v\" src=\"https:\/\/www.agriatv.hu\/wp-content\/uploads\/2013\/02\/0225mszp_v-300x240.jpg\" width=\"102\" height=\"61\" \/><\/a>Heves megye elindult a leszakad\u00e1s \u00fatj\u00e1n, a m\u00e1sodik Orb\u00e1n-korm\u00e1ny id\u0151szak\u00e1ban. Sz\u00e9tvertek m\u0171k\u00f6d\u0151 \u00f6nkorm\u00e1nyzati rendszereket. A megye n\u00e9h\u00e1ny t\u00e9rs\u00e9ge ma m\u00e1r megk\u00f6zel\u00edthetetlen, gyal\u00e1zatos \u00e1llapotban van az \u00fath\u00e1l\u00f3zat. <\/b><b>Aggaszt\u00f3, hogy Heves megy\u00e9ben ennek a korm\u00e1nyzati ciklusnak az \u00fatfel\u00faj\u00edt\u00e1si programja nem fog megval\u00f3sulni. A munkan\u00e9lk\u00fclis\u00e9g kor\u00e1bban nem l\u00e1tott m\u00e9reteket \u00f6lt. Vissza kell adni az embereknek a hitet, v\u00e1ltoztatni kell, le kell v\u00e1ltani az Orb\u00e1n-korm\u00e1nyt. A szocialist\u00e1k a t\u00e9rs\u00e9g gazdas\u00e1g\u00e9l\u00e9nk\u00edt\u00e9se \u00e9rdek\u00e9ben Kelet-Magyarorsz\u00e1g Programot dolgozott ki.<\/b><\/p>\n<p>Az MSZP Kelet-Magyarorsz\u00e1g Programja els\u0151sorban a t\u00e9rs\u00e9g, Heves megye mellett az orsz\u00e1g tov\u00e1bbi hat megy\u00e9j\u00e9nek (N\u00f3gr\u00e1d, Heves, Borsod-Aba\u00faj-Zempl\u00e9n, Szabolcs-Szatm\u00e1r-Bereg, Hajd\u00fa-Bihar, J\u00e1sz-Nagykun-Szolnok \u00e9s B\u00e9k\u00e9s megye) felz\u00e1rk\u00f3ztat\u00e1s\u00e1t, a munkahelyteremt\u00e9st \u00e9s a szoci\u00e1lis ar\u00e1nytalans\u00e1gok cs\u00f6kkent\u00e9s\u00e9t szolg\u00e1ja, a korm\u00e1ny gazdas\u00e1gpolitik\u00e1j\u00e1nak vesztesei ugyanis t\u00f6bbs\u00e9g\u00fckben ebben a t\u00e9rs\u00e9gben \u00e9lnek.<\/p>\n<p>Ma j\u00f3val kevesebben dolgoznak ak\u00e1r a tavalyi \u00e9vben, de 2010 \u00f3ta folyamatosan roml\u00f3 tendencia figyelhet\u0151 meg a foglalkoztat\u00e1s ter\u00e9n. Recesszi\u00f3ba s\u00fcllyedt a gazdas\u00e1g \u00e9s az ad\u00f3fizet\u0151k csup\u00e1n 10-15 sz\u00e1zal\u00e9ka j\u00e1rt j\u00f3l az ad\u00f3v\u00e1ltoz\u00e1sok nyom\u00e1n, a t\u00f6bbiek &#8211; jellemz\u0151en az alacsony kereset\u0171ek &#8211; vesztesei a korm\u00e1nyzati politik\u00e1nak. A Kelet-Magyarorsz\u00e1g Program keret\u00e9ben els\u0151sorban a h\u00e1tr\u00e1nyos helyzet\u0171, m\u00e9lyszeg\u00e9nys\u00e9gben \u00e9l\u0151 embereknek k\u00edv\u00e1n seg\u00edts\u00e9get, alternat\u00edv\u00e1t ny\u00fajtani az MSZP.<\/p>\n<p>Kelet-Magyarorsz\u00e1gon 20 sz\u00e1zal\u00e9k f\u00f6l\u00f6tti munkan\u00e9lk\u00fclis\u00e9gi mutat\u00f3k is vannak, de olyan kis \u2013 \u00e9s mikro t\u00e9rs\u00e9gekr\u0151l is tudunk, ahol 60-70 sz\u00e1zal\u00e9k ez az ar\u00e1ny. Sz\u00e1mos ter\u00fcleten cs\u00f6kkent a re\u00e1lb\u00e9r, a t\u00f6bbi k\u00f6z\u00f6tt a szoci\u00e1lis \u00e9s az eg\u00e9szs\u00e9g\u00fcgyi szf\u00e9r\u00e1ban 6 sz\u00e1zal\u00e9kkal; mindezt pedig els\u0151sorban a gyermekek s\u00ednylik meg.<\/p>\n<p>Ebben\u00a0a helyzetben az MSZP korm\u00e1nyra ker\u00fcl\u00e9se eset\u00e9n egy olyan mentorh\u00e1l\u00f3zat ki\u00e9p\u00edt\u00e9s\u00e9t tervezi, amely v\u00e9gigk\u00eds\u00e9ri \u00e9s seg\u00edti a h\u00e1tr\u00e1nyos helyzet\u0171 gyermekeket a b\u00f6lcs\u0151d\u00e9t\u0151l az egyetemi diploma megszerz\u00e9s\u00e9ig. Ehhez kapcsol\u00f3dna egy hat\u00e9kony iskolabusz-rendszer is, amelynek seg\u00edts\u00e9g\u00e9vel a kistelep\u00fcl\u00e9sekr\u0151l oktat\u00e1si centrumokba juthatnak majd a di\u00e1kok. Az Orb\u00e1n-korm\u00e1ny \u00e1ltal \u201eelk\u00f6vetett\u201d , \u00e9s nem val\u00f3s 10 sz\u00e1zal\u00e9kos rezsics\u00f6kkent\u00e9s helyett az MSZP a meg\u00fajul\u00f3 energia-felhaszn\u00e1l\u00e1sban, valamint az energiatakar\u00e9koss\u00e1g t\u00e1mogat\u00e1s\u00e1ban l\u00e1tja a megold\u00e1st. Panel program.<div class=\"wordtube\">\n<div class=\"wordtube single820\" id=\"WT1_1\" style=\"width:320px; height:240px;\">\n<a href=\"http:\/\/www.macromedia.com\/go\/getflashplayer\">Get the Flash Player<\/a> to see the wordTube Media Player.\n<\/div><\/div>\n\t<script type=\"text\/javascript\" defer=\"defer\">\nvar WT1_1 = {\n\tparams : {\n\t\twmode : \"opaque\",\n\t\tallowscriptaccess : \"always\",\n\t\tallownetworking : \"all\",\n\t\tallowfullscreen : \"true\"},\n\tflashvars : {\n\t\tfile : \"http%3A%2F%2Fwww.agriatv.hu%2Fwp-content%2Fuploads%2F2013%2F03%2F0307mszp_k.flv\",\n\t\tvolume : \"80\",\n\t\tbufferlength : \"5\",\n\t\tquality : \"false\",\n\t\t'logo.hide' : \"false\",\n\t\timage : \"http%3A%2F%2Fwww.agriatv.hu%2Fwp-content%2Fuploads%2F2013%2F03%2F0307mszp_k.jpg\",\n\t\ttitle : \"0307mszp_k.flv\",\n\t\tlinktarget : \"_self\"},\n\tattr : {\n\t\tid : \"WT1\",\n\t\tname : \"WT1\"},\n\tstart : function() {\n\t\tswfobject.embedSWF(\"https:\/\/www.agriatv.hu\/\/player.swf\", \"WT1_1\", \"320\", \"240\", \"9.0.0\", false, this.flashvars, this.params , this.attr );\n\t}\n}\nWT1_1.start();\n\t<\/script>\n<\/p>\n<p>Magyarorsz\u00e1g az egyetlen civiliz\u00e1lt orsz\u00e1g a vil\u00e1gon, ahol imm\u00e1r nincs rokkants\u00e1gi- \u00e9s baleseti rokkants\u00e1gi nyugd\u00edj, amivel sz\u00e1zezreket al\u00e1znak meg. Ugyancsak nincs v\u00e1lasz arra, hogy mi\u00e9rt akarja a korm\u00e1ny 50 sz\u00e1zal\u00e9kkal cs\u00f6kkenteni az \u00f6zvegyi nyugd\u00edjakat azok eset\u00e9ben, akik szoci\u00e1lis j\u00e1rad\u00e9kosok voltak. Ez els\u0151sorban 70-95 \u00e9ves id\u0151s parasztasszonyokat \u00e9s b\u00e1ny\u00e1sz\u00f6zvegyeket \u00e9rint.<\/p>\n<p>Eger-Gy\u00f6ngy\u00f6s-Hatvan urbaniz\u00e1ci\u00f3s tengelye a kor\u00e1bbi id\u0151szakban K\u00f6z\u00e9p-Eur\u00f3pa \u00f6t\u00f6dik legdinamikusabban fejl\u0151d\u0151 r\u00e9gi\u00f3ja volt, m\u00e1ra le\u00e1lltak a beruh\u00e1z\u00e1sok, cs\u00f6kken a foglalkoztatotts\u00e1g \u00e9s veget\u00e1l a t\u00e9rs\u00e9g.<\/p>\n<p>A Kelet-Magyarorsz\u00e1g Program ez\u00e9rt c\u00e9lozza meg a felz\u00e1rk\u00f3z\u00e1st, a felz\u00e1rk\u00f3ztat\u00e1st f\u0151 ir\u00e1ny\u00e1nak, a munkahelyhi\u00e1ny \u00e9s a szoci\u00e1lis egyenl\u0151tlens\u00e9gek felsz\u00e1mol\u00e1sa \u00e9rdek\u00e9ben. Minden csal\u00e1dban lesz egy dolgoz\u00f3 ember. A k\u00f6zfoglalkoztatottak b\u00e9r\u00e9t fel kell emelni a minim\u00e1lb\u00e9r nett\u00f3j\u00e1hoz. A Nemzeti Alaptanterv helyett R\u00e9gi\u00f3s Oktat\u00e1si B\u00e1zispontok (\u00faj m\u00f3dszerek, tanod\u00e1k, r\u00f6gz\u00edtett tanulm\u00e1nyi p\u00e1lya stb.) kell, plusz folyamatos kapcsolattart\u00e1s a munk\u00e1ltat\u00f3 \u2013 oktat\u00e1si int\u00e9zm\u00e9ny \u2013 \u00e9s a leend\u0151 munkav\u00e1llal\u00f3 k\u00f6z\u00f6tt.<\/p>\n<p>&nbsp;<\/p>\n<p>Eger, 2013.m\u00e1rcius 7.<\/p>\n<p>&nbsp;<\/p>\n<p><i>\u00a0\u00a0\u00a0\u00a0\u00a0\u00a0\u00a0\u00a0\u00a0\u00a0\u00a0 \u00a0\u00a0 Dr. S\u00f3s Tam\u00e1s \u00a0\u00a0\u00a0\u00a0\u00a0\u00a0\u00a0\u00a0\u00a0\u00a0\u00a0\u00a0\u00a0\u00a0\u00a0\u00a0\u00a0\u00a0\u00a0\u00a0\u00a0\u00a0\u00a0\u00a0\u00a0\u00a0\u00a0\u00a0\u00a0\u00a0 Kor\u00f3zs Lajos \u00a0\u00a0\u00a0\u00a0\u00a0\u00a0\u00a0\u00a0\u00a0\u00a0\u00a0\u00a0\u00a0\u00a0\u00a0\u00a0\u00a0\u00a0\u00a0\u00a0\u00a0\u00a0\u00a0\u00a0 P\u00e1l Gy\u00f6rgy<\/i><\/p>\n<p><i>\u00a0\u00a0\u00a0\u00a0\u00a0\u00a0 Orsz\u00e1ggy\u0171l\u00e9si k\u00e9pvisel\u0151\u00a0\u00a0\u00a0 \u00a0\u00a0\u00a0\u00a0\u00a0\u00a0\u00a0\u00a0\u00a0 \u00a0\u00a0\u00a0Orsz\u00e1gos eln\u00f6ks\u00e9gi tag \u00a0\u00a0\u00a0\u00a0\u00a0 \u00d6nkorm\u00e1nyzati k\u00e9pvisel\u0151<\/i><\/p>\n<p><i>\u00a0\u00a0\u00a0\u00a0\u00a0\u00a0\u00a0\u00a0\u00a0\u00a0\u00a0 \u00a0\u00a0\u00a0\u00a0\u00a0\u00a0\u00a0\u00a0 MSZP \u00a0\u00a0\u00a0\u00a0\u00a0\u00a0\u00a0\u00a0\u00a0\u00a0\u00a0\u00a0\u00a0\u00a0\u00a0\u00a0\u00a0\u00a0\u00a0\u00a0\u00a0\u00a0\u00a0\u00a0\u00a0\u00a0 \u00a0\u00a0\u00a0\u00a0\u00a0\u00a0\u00a0\u00a0\u00a0\u00a0\u00a0 \u00a0\u00a0\u00a0MSZP \u00a0\u00a0\u00a0\u00a0\u00a0\u00a0\u00a0\u00a0\u00a0\u00a0\u00a0\u00a0\u00a0\u00a0\u00a0\u00a0\u00a0\u00a0\u00a0\u00a0\u00a0\u00a0\u00a0\u00a0\u00a0\u00a0\u00a0\u00a0\u00a0\u00a0\u00a0\u00a0 \u00a0\u00a0MSZP<\/i><\/p>\n<p>&nbsp;<\/p>\n<p>&nbsp;<\/p>\n<p>&nbsp;<\/p>\n<div id=\"irc_mimg\"><a id=\"irc_mil\" style=\"border: 0px none;\" href=\"http:\/\/www.google.hu\/url?sa=i&amp;rct=j&amp;q=&amp;esrc=s&amp;source=images&amp;cd=&amp;docid=G-Xe0Gd1YKnD6M&amp;tbnid=8sWx5UnmQtJJFM:&amp;ved=&amp;url=http%3A%2F%2Fhu.wikipedia.org%2Fwiki%2FF%25C3%25A1jl%3AFidesz_New_logo.jpg&amp;ei=esc4UeezKsKMOLuUgdAI&amp;bvm=bv.43287494,d.d2k&amp;psig=AFQjCNFlXoVIbnuR_i1IsjkvCcj3TtYI2A&amp;ust=1362761976535146\"><img loading=\"lazy\" decoding=\"async\" class=\"alignleft\" id=\"irc_mi\" style=\"margin-top: 0px;\" alt=\"\" src=\"http:\/\/upload.wikimedia.org\/wikipedia\/hu\/f\/fd\/Fidesz_New_logo.jpg\" width=\"77\" height=\"77\" \/><\/a><\/div>\n<p>REAKCI\u00d3 AZ MSZP MAI SAJT\u00d3K\u00d6ZLEM\u00c9NY\u00c9RE<\/p>\n<p>&nbsp;<\/p>\n<p>&nbsp;<\/p>\n<p>Az MSZP leg\u00fajabb programja kapcs\u00e1n S\u00f3s Tam\u00e1s h\u00e1rom f\u0151 ter\u00fcletet emel ki Heves megye vonatkoz\u00e1s\u00e1ban: az \u00f6nkorm\u00e1nyzatok, az utak \u00e9s a munkan\u00e9lk\u00fclis\u00e9g helyzet\u00e9t.\u00a0 Miel\u0151tt elolvasn\u00e1nk javaslatait, nem \u00e1rt felid\u00e9zni a bizony\u00edtv\u00e1nyt is, hogy a hely\u00e9n kezelj\u00fck S\u00f3s Tam\u00e1s \u00e9s az MSZP szak\u00e9rtelm\u00e9t: a Heves Megyei \u00d6nkorm\u00e1nyzat vezet\u00e9s\u00e9nek 12 \u00e9ve alatt majd 7 milli\u00e1rd ad\u00f3ss\u00e1got halmozott fel. A h\u00e9t \u00e9vre sz\u00f3l\u00f3 megyei koncepci\u00f3 alapj\u00e1n az alacsonyabb rend\u0171 Heves megyei utakra tervezett forr\u00e1s 2014 helyett m\u00e1r 2010-ben elfogyott. A szoci\u00e1lis int\u00e9zked\u00e9seiknek k\u00f6sz\u00f6nhet\u0151en a Gyurcs\u00e1ny\u2013Bajnai-korm\u00e1nyok megdupl\u00e1zt\u00e1k a munkan\u00e9lk\u00fcliek sz\u00e1m\u00e1t.<b> <\/b>A val\u00f3di probl\u00e9ma azonban az, hogy 8 \u00e9v, s\u0151t Heves megy\u00e9ben 12 \u00e9v vezet\u00e9s alatt a szocialist\u00e1knak nem jutott esz\u00e9be, hogy Kelet-Magyarorsz\u00e1got fel kellene z\u00e1rk\u00f3ztatni.<\/p>\n<p>&nbsp;<\/p>\n<p>&nbsp;<\/p>\n<p>Eger, 2013. m\u00e1rcius 7.<\/p>\n<p>&nbsp;<\/p>\n<p>Dr. Gondos Istv\u00e1n frakci\u00f3vezet\u0151<\/p>\n<p>Heves Megyei K\u00f6zgy\u0171l\u00e9s<\/p>\n<p>Fidesz-KDNP frakci\u00f3<\/p>\n<p>&nbsp;<\/p>\n<div class=\"wordtube\">\n<div class=\"wordtube single821\" id=\"WT2_2\" style=\"width:320px; height:240px;\">\n<a href=\"http:\/\/www.macromedia.com\/go\/getflashplayer\">Get the Flash Player<\/a> to see the wordTube Media Player.\n<\/div><\/div>\n\t<script type=\"text\/javascript\" defer=\"defer\">\nvar WT2_2 = {\n\tparams : {\n\t\twmode : \"opaque\",\n\t\tallowscriptaccess : \"always\",\n\t\tallownetworking : \"all\",\n\t\tallowfullscreen : \"true\"},\n\tflashvars : {\n\t\tfile : \"http%3A%2F%2Fwww.agriatv.hu%2Fwp-content%2Fuploads%2F2013%2F03%2F0307mszp_t.flv\",\n\t\tvolume : \"80\",\n\t\tbufferlength : \"5\",\n\t\tquality : \"false\",\n\t\t'logo.hide' : \"false\",\n\t\timage : \"http%3A%2F%2Fwww.agriatv.hu%2Fwp-content%2Fuploads%2F2013%2F03%2F0307mszp_t.jpg\",\n\t\ttitle : \"0307mszp_t.flv\",\n\t\tlinktarget : \"_self\"},\n\tattr : {\n\t\tid : \"WT2\",\n\t\tname : \"WT2\"},\n\tstart : function() {\n\t\tswfobject.embedSWF(\"https:\/\/www.agriatv.hu\/\/player.swf\", \"WT2_2\", \"320\", \"240\", \"9.0.0\", false, this.flashvars, this.params , this.attr );\n\t}\n}\nWT2_2.start();\n\t<\/script>\n\n<p>&nbsp;<\/p>\n","protected":false},"excerpt":{"rendered":"<p>Heves megye elindult a leszakad\u00e1s \u00fatj\u00e1n, a m\u00e1sodik Orb\u00e1n-korm\u00e1ny id\u0151szak\u00e1ban. Sz\u00e9tvertek m\u0171k\u00f6d\u0151 \u00f6nkorm\u00e1nyzati rendszereket. A megye n\u00e9h\u00e1ny t\u00e9rs\u00e9ge ma m\u00e1r megk\u00f6zel\u00edthetetlen, gyal\u00e1zatos \u00e1llapotban van az \u00fath\u00e1l\u00f3zat. Aggaszt\u00f3, hogy Heves megy\u00e9ben ennek a korm\u00e1nyzati ciklusnak az \u00fatfel\u00faj\u00edt\u00e1si programja nem fog megval\u00f3sulni. A munkan\u00e9lk\u00fclis\u00e9g kor\u00e1bban nem l\u00e1tott m\u00e9reteket \u00f6lt. Vissza kell adni az embereknek a hitet, v\u00e1ltoztatni [&#8230;]<\/p>\n","protected":false},"author":4,"featured_media":0,"comment_status":"open","ping_status":"open","sticky":false,"template":"","format":"standard","meta":{"footnotes":""},"categories":[6,3],"tags":[80,79],"class_list":["post-9621","post","type-post","status-publish","format-standard","hentry","category-belfold","category-politika","tag-fidesz","tag-mszp"],"_links":{"self":[{"href":"https:\/\/www.agriatv.hu\/index.php?rest_route=\/wp\/v2\/posts\/9621","targetHints":{"allow":["GET"]}}],"collection":[{"href":"https:\/\/www.agriatv.hu\/index.php?rest_route=\/wp\/v2\/posts"}],"about":[{"href":"https:\/\/www.agriatv.hu\/index.php?rest_route=\/wp\/v2\/types\/post"}],"author":[{"embeddable":true,"href":"https:\/\/www.agriatv.hu\/index.php?rest_route=\/wp\/v2\/users\/4"}],"replies":[{"embeddable":true,"href":"https:\/\/www.agriatv.hu\/index.php?rest_route=%2Fwp%2Fv2%2Fcomments&post=9621"}],"version-history":[{"count":2,"href":"https:\/\/www.agriatv.hu\/index.php?rest_route=\/wp\/v2\/posts\/9621\/revisions"}],"predecessor-version":[{"id":9623,"href":"https:\/\/www.agriatv.hu\/index.php?rest_route=\/wp\/v2\/posts\/9621\/revisions\/9623"}],"wp:attachment":[{"href":"https:\/\/www.agriatv.hu\/index.php?rest_route=%2Fwp%2Fv2%2Fmedia&parent=9621"}],"wp:term":[{"taxonomy":"category","embeddable":true,"href":"https:\/\/www.agriatv.hu\/index.php?rest_route=%2Fwp%2Fv2%2Fcategories&post=9621"},{"taxonomy":"post_tag","embeddable":true,"href":"https:\/\/www.agriatv.hu\/index.php?rest_route=%2Fwp%2Fv2%2Ftags&post=9621"}],"curies":[{"name":"wp","href":"https:\/\/api.w.org\/{rel}","templated":true}]}}