{"id":9624,"date":"2013-03-09T11:18:54","date_gmt":"2013-03-09T11:18:54","guid":{"rendered":"http:\/\/www.agriatv.hu\/?p=9624"},"modified":"2013-03-09T16:16:18","modified_gmt":"2013-03-09T16:16:18","slug":"baleset-eger-es-kerecsend-kozott-2","status":"publish","type":"post","link":"https:\/\/www.agriatv.hu\/?p=9624","title":{"rendered":"Baleset Eger \u00e9s Kerecsend k\u00f6z\u00f6tt"},"content":{"rendered":"<p><a href=\"https:\/\/www.agriatv.hu\/wp-content\/uploads\/2013\/03\/0309baleset_eger_v.jpg\"><img loading=\"lazy\" decoding=\"async\" class=\"alignleft size-medium wp-image-9627\" alt=\"0309baleset_eger_v\" src=\"https:\/\/www.agriatv.hu\/wp-content\/uploads\/2013\/03\/0309baleset_eger_v-300x240.jpg\" width=\"108\" height=\"65\" \/><\/a>K\u00e9t szem\u00e9lyt sz\u00e1ll\u00edtottak a ment\u0151k k\u00f3rh\u00e1zba abb\u00f3l a balesetb\u0151l, amely szombat d\u00e9lel\u0151tt t\u00f6rt\u00e9nt Eger \u00e9s Kerecsend k\u00f6z\u00f6tt a 25-\u00f6s \u00faton.<\/p>\n<p>Az Eger fel\u00e9 halad\u00f3 Honda vezet\u0151je val\u00f3sz\u00edn\u0171leg megcs\u00faszott \u00e9s elvesztette uralm\u00e1t a kocsi felett, \u00edgy az \u00fat menti \u00e1rokba csap\u00f3dott. Szerencs\u00e9re a man\u0151verek sor\u00e1n m\u00e1s j\u00e1rm\u0171vel nem \u00fctk\u00f6z\u00f6tt, b\u00e1r a kocsi megp\u00f6rd\u00fclt.<\/p>\n<p>\u00dagy tudjuk, az ut\u00f3bbi id\u0151ben gyakoriak ezen a szakaszon a balesetek, mert k\u00f6nnyen cs\u00fasz\u00f3ss\u00e1 v\u00e1lik az aszfalt, gyakori a szennyez\u0151d\u00e9s, az \u00fat \u00edve pedig nem t\u0171nik vesz\u00e9lyesnek.<\/p>\n<p>Inform\u00e1ci\u00f3ink szerint a kocsi utasai k\u00f6nny\u0171 s\u00e9r\u00fcl\u00e9ssel meg\u00faszt\u00e1k a balesetet.<\/p>\n<p>A ment\u00e9s idej\u00e9re a 25-\u00f6s utat teljes sz\u00e9less\u00e9g\u00e9ben lez\u00e1rt\u00e1k.<\/p>\n<div class=\"wordtube\">\n<div class=\"wordtube single822\" id=\"WT1_1\" style=\"width:320px; height:240px;\">\n<a href=\"http:\/\/www.macromedia.com\/go\/getflashplayer\">Get the Flash Player<\/a> to see the wordTube Media Player.\n<\/div><\/div>\n\t<script type=\"text\/javascript\" defer=\"defer\">\nvar WT1_1 = {\n\tparams : {\n\t\twmode : \"opaque\",\n\t\tallowscriptaccess : \"always\",\n\t\tallownetworking : \"all\",\n\t\tallowfullscreen : \"true\"},\n\tflashvars : {\n\t\tfile : \"http%3A%2F%2Fwww.agriatv.hu%2Fwp-content%2Fuploads%2F2013%2F03%2F0309baleset_eger.flv\",\n\t\tvolume : \"80\",\n\t\tbufferlength : \"5\",\n\t\tquality : \"false\",\n\t\t'logo.hide' : \"false\",\n\t\timage : \"http%3A%2F%2Fwww.agriatv.hu%2Fwp-content%2Fuploads%2F2013%2F03%2F0309baleset_eger.jpg\",\n\t\ttitle : \"0309baleset_eger.flv\",\n\t\tlinktarget : \"_self\"},\n\tattr : {\n\t\tid : \"WT1\",\n\t\tname : \"WT1\"},\n\tstart : function() {\n\t\tswfobject.embedSWF(\"https:\/\/www.agriatv.hu\/\/player.swf\", \"WT1_1\", \"320\", \"240\", \"9.0.0\", false, this.flashvars, this.params , this.attr );\n\t}\n}\nWT1_1.start();\n\t<\/script>\n\n<p>Friss\u00edt\u00e9s: A rend\u0151rs\u00e9g k\u00f6zl\u00e9se szerint 1 f\u0151 s\u00falyosan s\u00e9r\u00fclt, a m\u00e1sik szem\u00e9ly nem ig\u00e9nyelt orvosi ell\u00e1t\u00e1st. 13 \u00f3ra ut\u00e1n a korl\u00e1toz\u00e1st feloldott\u00e1k.<\/p>\n","protected":false},"excerpt":{"rendered":"<p>K\u00e9t szem\u00e9lyt sz\u00e1ll\u00edtottak a ment\u0151k k\u00f3rh\u00e1zba abb\u00f3l a balesetb\u0151l, amely szombat d\u00e9lel\u0151tt t\u00f6rt\u00e9nt Eger \u00e9s Kerecsend k\u00f6z\u00f6tt a 25-\u00f6s \u00faton.<br \/>\nAz Eger fel\u00e9 halad\u00f3 Honda vezet\u0151je val\u00f3sz\u00edn\u0171leg megcs\u00faszott \u00e9s elvesztette uralm\u00e1t a kocsi felett, \u00edgy az \u00fat menti \u00e1rokba csap\u00f3dott. Szerencs\u00e9re a man\u0151verek sor\u00e1n m\u00e1s j\u00e1rm\u0171vel nem \u00fctk\u00f6z\u00f6tt, b\u00e1r a kocsi megp\u00f6rd\u00fclt.<br \/>\n\u00dagy tudjuk, az ut\u00f3bbi id\u0151ben [&#8230;]<\/p>\n","protected":false},"author":4,"featured_media":0,"comment_status":"open","ping_status":"open","sticky":false,"template":"","format":"standard","meta":{"footnotes":""},"categories":[5],"tags":[41,122,458],"class_list":["post-9624","post","type-post","status-publish","format-standard","hentry","category-kek-hirek","tag-baleset","tag-rendorseg","tag-serult"],"_links":{"self":[{"href":"https:\/\/www.agriatv.hu\/index.php?rest_route=\/wp\/v2\/posts\/9624","targetHints":{"allow":["GET"]}}],"collection":[{"href":"https:\/\/www.agriatv.hu\/index.php?rest_route=\/wp\/v2\/posts"}],"about":[{"href":"https:\/\/www.agriatv.hu\/index.php?rest_route=\/wp\/v2\/types\/post"}],"author":[{"embeddable":true,"href":"https:\/\/www.agriatv.hu\/index.php?rest_route=\/wp\/v2\/users\/4"}],"replies":[{"embeddable":true,"href":"https:\/\/www.agriatv.hu\/index.php?rest_route=%2Fwp%2Fv2%2Fcomments&post=9624"}],"version-history":[{"count":7,"href":"https:\/\/www.agriatv.hu\/index.php?rest_route=\/wp\/v2\/posts\/9624\/revisions"}],"predecessor-version":[{"id":9633,"href":"https:\/\/www.agriatv.hu\/index.php?rest_route=\/wp\/v2\/posts\/9624\/revisions\/9633"}],"wp:attachment":[{"href":"https:\/\/www.agriatv.hu\/index.php?rest_route=%2Fwp%2Fv2%2Fmedia&parent=9624"}],"wp:term":[{"taxonomy":"category","embeddable":true,"href":"https:\/\/www.agriatv.hu\/index.php?rest_route=%2Fwp%2Fv2%2Fcategories&post=9624"},{"taxonomy":"post_tag","embeddable":true,"href":"https:\/\/www.agriatv.hu\/index.php?rest_route=%2Fwp%2Fv2%2Ftags&post=9624"}],"curies":[{"name":"wp","href":"https:\/\/api.w.org\/{rel}","templated":true}]}}