{"id":9634,"date":"2013-03-11T19:26:10","date_gmt":"2013-03-11T19:26:10","guid":{"rendered":"http:\/\/www.agriatv.hu\/?p=9634"},"modified":"2014-03-04T21:16:24","modified_gmt":"2014-03-04T21:16:24","slug":"masolt-dolgozattal-az-ekf-rektori-szekebe-plagiumgyanu-az-egyik-egri-rektori-palyazat-kapcsan","status":"publish","type":"post","link":"https:\/\/www.agriatv.hu\/?p=9634","title":{"rendered":"M\u00e1solt dolgozattal az EKF rektori sz\u00e9k\u00e9be? &#8211; Pl\u00e1giumgyan\u00fa az egyik egri rektori p\u00e1ly\u00e1zat kapcs\u00e1n"},"content":{"rendered":"<p><img loading=\"lazy\" decoding=\"async\" class=\"alignleft\" style=\"border: 0px none;\" alt=\"Dr. Horv\u00e1th \u00c1gnes. Fot\u00f3: ektf.hu\" src=\"http:\/\/www.egriugyek.hu\/images\/stories\/galeria\/13elso\/ha.jpg\" width=\"78\" height=\"107\" border=\"0\" \/><strong>A p\u00e9csi rektor \u00e9vekkel ezel\u0151tti p\u00e1ly\u00e1zat\u00e1b\u00f3l vett \u00e1t sok helyen sz\u00f3 szerinti megegyez\u00e9sekkel r\u00e9szleteket az EKF rektori sz\u00e9k\u00e9re p\u00e1ly\u00e1z\u00f3 dr. Horv\u00e1th \u00c1gnes. Rektori p\u00e1ly\u00e1zat\u00e1ban t\u00f6bb helyen m\u00e9g a P\u00e9csi Tudom\u00e1nyegyetem r\u00f6vid\u00edt\u00e9s\u00e9t is benne felejtette, \u00edgy az EKF helyett PTE \u00e1ll n\u00e9h\u00e1ny bekezd\u00e9sben. Az egri tansz\u00e9kvezet\u0151 sehol sem haszn\u00e1l hivatkoz\u00e1st, ezzel szerinte nincs gond.<\/strong><\/p>\n<p>Mint m\u00e1r kor\u00e1bban<strong> <a href=\"http:\/\/www.egriugyek.hu\/eger-ugye\/1504-rektorvalasztas-az-ekf-en-itt-a-jeloeltek-listaja.html\">arr\u00f3l h\u00edrt adtunk<\/a><\/strong>, v\u00e1rhat\u00f3an j\u00faliusra \u00faj rektora lesz az egri Eszterh\u00e1zy K\u00e1roly F\u0151iskol\u00e1nak. Az int\u00e9zm\u00e9ny vezet\u0151i posztj\u00e1ra h\u00e1rman p\u00e1ly\u00e1znak: dr. Horv\u00e1th \u00c1gnes, a Politol\u00f3gia Tansz\u00e9k vezet\u0151je; dr. Kiss Attila, az EKF Egerfood Region\u00e1lis Tud\u00e1sk\u00f6zpont f\u0151igazgat\u00f3ja \u00e9s dr. Liptai K\u00e1lm\u00e1n, a Term\u00e9szettudom\u00e1nyi Kar d\u00e9k\u00e1nja.<\/p>\n<p><strong>PTE egyenl\u0151 EKF? &#8211; az egyik p\u00e1ly\u00e1zat szerint igen<\/strong><\/p>\n<p>Dr. Horv\u00e1th \u00c1gnes. Fot\u00f3: ektf.huAz egri p\u00e1ly\u00e1zatok is nyilv\u00e1nosak, azokat az Eszterh\u00e1zy K\u00e1roly F\u0151iskola <strong><a href=\"http:\/\/www.ektf.hu\">honlapj\u00e1n<\/a><\/strong> b\u00e1rki megtekintheti, \u00edgy viszonylag k\u00f6nnyen szemet sz\u00farhat az \u00e9rdekl\u0151d\u0151knek, hogy dr. Horv\u00e1th \u00c1gnes munk\u00e1ja nem csup\u00e1n saj\u00e1t \u00f6tleteinek \u00e9rt\u00e9kes t\u00e1rh\u00e1za. Az EKF Politol\u00f3gia Tansz\u00e9k\u00e9nek vezet\u0151je t\u00f6bb oldalon is dr. B\u00f3dis J\u00f3zsef 2010-ben, a P\u00e9csi Tudom\u00e1nyegyetemre beadott rektori p\u00e1ly\u00e1zat\u00e1nak egyes elemeit haszn\u00e1lta fel b\u00e1rminem\u0171 hivatkoz\u00e1s n\u00e9lk\u00fcl. T\u00f6bb oldalon is akadnak hosszabb-r\u00f6videbb egyez\u00e9sek, sok helyen hosszas bekezd\u00e9sek sz\u00f3 szerinti \u00e1tv\u00e9tel\u00e9vel tal\u00e1lkozhatunk. K\u00e9t bekezd\u00e9sben a PTE r\u00f6vid\u00edt\u00e9st is elfelejtette kijav\u00edtani EKF-re az egri p\u00e1ly\u00e1z\u00f3. (Dr. B\u00f3dis J\u00f3zsefet p\u00e1ly\u00e1zata nyom\u00e1n meg is v\u00e1lasztott\u00e1k a P\u00e9csi Tudom\u00e1nyegyetem rektor\u00e1v\u00e1.)<\/p>\n<p>Dr. Horv\u00e1th \u00c1gnes dolgozata egyez\u00e9seket mutat a fels\u0151oktat\u00e1s feladatair\u00f3l \u00e9s kih\u00edv\u00e1sair\u00f3l, a strat\u00e9giai c\u00e9lkit\u0171z\u00e9sekr\u0151l, a gazd\u00e1lkod\u00e1sr\u00f3l \u00e9s finansz\u00edroz\u00e1sr\u00f3l, a t\u00e1rsadalmi, gazdas\u00e1gi \u00e9s szakmai kapcsolatok lehet\u0151s\u00e9geir\u0151l sz\u00f3l\u00f3 fejezetekben is.<\/p>\n<p><strong>&#8222;A PTE eg\u00e9sz ter\u00fclet\u00e9n &#8230;&#8221;<\/strong><\/p>\n<p>Hogy n\u00e9h\u00e1ny konkr\u00e9t p\u00e9ld\u00e1t is eml\u00edts\u00fcnk, p\u00e1ly\u00e1zat\u00e1ban dr. Horv\u00e1th \u00c1gnes forr\u00e1smegjel\u00f6l\u00e9s n\u00e9lk\u00fcl \u00edrja, (nem vicc, t\u00e9nyleg benne felejtette a PTE-kifejez\u00e9st):<\/p>\n<blockquote><p>Azt gondolom, azzal mindenki egyet\u00e9rt, hogy e t\u00e9ren jelent\u0151s pazarl\u00e1s \u00e9rhet\u0151 tetten a PTE eg\u00e9sz ter\u00fclet\u00e9n. Szak\u00e9rt\u0151i becsl\u00e9sek szerint minim\u00e1lis befektet\u00e9ssel 20-40%-os megtakar\u00edt\u00e1s \u00e9rhet\u0151 el, ha mindez takar\u00e9kos magatart\u00e1ssal p\u00e1rosul. Elk\u00e9pzel\u00e9sem szerint egy referencia \u00e9v (pl. 2008) fogyaszt\u00e1s\u00e1t alapul v\u00e9ve az egyes egys\u00e9gek \u00e1ltal megtakar\u00edtott r\u00e1ford\u00edt\u00e1sok 50%-\u00e1t visszakapn\u00e1k a \u201etakar\u00e9koskod\u00f3\u201d egys\u00e9gek, s olyan hasznos c\u00e9lra ford\u00edtan\u00e1k, amire akarj\u00e1k; a m\u00e1sik 50% pedig a kiemelt feladatokat finansz\u00edroz\u00f3 alapba ker\u00fclne.<br \/>\n&#8211; Mik\u00f6zben mindenki ingatlan-fejleszt\u00e9sekben gondolkodik, a PTE k\u00fcl\u00f6nb\u00f6z\u0151 egys\u00e9gei irre\u00e1lisan nagy ter\u00fcleten sz\u00f3r\u00f3dnak sz\u00e9t. A legut\u00f3bbi felm\u00e9r\u00e9s szerint \u2013 n\u00e9h\u00e1ny egys\u00e9g kiv\u00e9tel\u00e9vel \u2013 a tantermek kihaszn\u00e1lts\u00e1ga 40-60% k\u00f6z\u00f6tt mozog.<\/p><\/blockquote>\n<p>Mindez dr. B\u00f3dis J\u00f3zsef dolgozat\u00e1ban is pontosan ugyan\u00edgy szerepel:<\/p>\n<blockquote><p>Azt gondolom, azzal mindenki egyet\u00e9rt, hogy e t\u00e9ren jelent\u0151s pazarl\u00e1s \u00e9rhet\u0151 tetten a PTE eg\u00e9sz ter\u00fclet\u00e9n. Szak\u00e9rt\u0151i becsl\u00e9sek szerint minim\u00e1lis befektet\u00e9ssel 20-40%-os megtakar\u00edt\u00e1s \u00e9rhet\u0151 el, ha mindez takar\u00e9kos magatart\u00e1ssal p\u00e1rosul. Elk\u00e9pzel\u00e9sem szerint egy referencia \u00e9v (pl. 2008) fogyaszt\u00e1s\u00e1t alapul v\u00e9ve az egyes egys\u00e9gek \u00e1ltal megtakar\u00edtott r\u00e1ford\u00edt\u00e1sok 50%-\u00e1t visszakapn\u00e1k a \u201etakar\u00e9koskod\u00f3\u201d egys\u00e9gek, s olyan hasznos c\u00e9lra ford\u00edtan\u00e1k, amire akarj\u00e1k; a m\u00e1sik 50% pedig a kiemelt feladatokat finansz\u00edroz\u00f3 alapba ker\u00fclne.<br \/>\n&#8211; Mik\u00f6zben mindenki ingatlan-fejleszt\u00e9sekben gondolkodik, a PTE k\u00fcl\u00f6nb\u00f6z\u0151 egys\u00e9gei irre\u00e1lisan nagy ter\u00fcleten sz\u00f3r\u00f3dnak sz\u00e9t. A legut\u00f3bbi felm\u00e9r\u00e9s szerint \u2013 n\u00e9h\u00e1ny egys\u00e9g kiv\u00e9tel\u00e9vel \u2013 a tantermek kihaszn\u00e1lts\u00e1ga 40-60% k\u00f6z\u00f6tt mozog.<\/p><\/blockquote>\n<p>Dr. Horv\u00e1th \u00c1gnes a p\u00e9csi rektorral felt\u0171n\u0151en azonos m\u00f3don gondolkodik, amikor az EKF (PTE) \u00e9s a v\u00e1ros illetve a r\u00e9gi\u00f3 kapcsolat\u00e1r\u00f3l &#8222;elm\u00e9lkedik\u201d:<\/p>\n<blockquote><p>A F\u0151iskola sz\u00e1m\u00e1ra term\u00e9szetes partnernek tekintem Eger V\u00e1ros\u00e1t, az \u00c9szak-magyarorsz\u00e1gi r\u00e9gi\u00f3 megy\u00e9it, \u00f6nkorm\u00e1nyzatait, valamint a r\u00e9gi\u00f3ban m\u0171k\u00f6d\u0151 c\u00e9geket, civil szervezeteket is. C\u00e9lom, hogy az int\u00e9zm\u00e9ny megtal\u00e1lja a lehet\u0151 legt\u00f6bb egy\u00fcttm\u0171k\u00f6d\u00e9si lehet\u0151s\u00e9get mind a v\u00e1rossal, mind a megy\u00e9kkel, hiszen sz\u00e1mos ter\u00fcleten lehetne gy\u00fcm\u00f6lcs\u00f6z\u0151, mindk\u00e9t f\u00e9l sz\u00e1m\u00e1ra hasznos egy\u00fcttm\u0171k\u00f6d\u00e9s. Fontosnak tartom a k\u00f6zoktat\u00e1si, pedag\u00f3gusk\u00e9pz\u00e9si egy\u00fcttm\u0171k\u00f6d\u00e9s er\u0151s\u00edt\u00e9s\u00e9t, a v\u00e1rosi, k\u00f6zoktat\u00e1si \u00e9s f\u0151iskolai int\u00e9zm\u00e9nyrendszer \u00f6sszekapcsol\u00e1s\u00e1t a fels\u0151fok\u00fa szakk\u00e9pz\u00e9sek \u00e9s a tov\u00e1bbk\u00e9pz\u00e9si rendszereink \u00f6sszehangol\u00e1s\u00e1t, a megl\u00e9v\u0151 forr\u00e1sok k\u00f6z\u00f6s haszn\u00e1lat\u00e1t, a k\u00f6lcs\u00f6n\u00f6s el\u0151ny\u00f6k kialakul\u00e1sa \u00e9rdek\u00e9ben.<\/p><\/blockquote>\n<p>Dr. B\u00f3dis J\u00f3zsef gondolatai a t\u00e9m\u00e1r\u00f3l:<\/p>\n<blockquote><p>Az Egyetem sz\u00e1m\u00e1ra els\u0151dleges partnernek tekintem P\u00e9cs V\u00e1ros\u00e1t, a r\u00e9gi\u00f3 megy\u00e9it, valamint a r\u00e9gi\u00f3ban m\u0171k\u00f6d\u0151 c\u00e9geket is. C\u00e9lom, hogy az Egyetem megtal\u00e1lja a lehet\u0151 legt\u00f6bb egy\u00fcttm\u0171k\u00f6d\u00e9si lehet\u0151s\u00e9get mind a v\u00e1rossal, mind a megy\u00e9kkel, hiszen sz\u00e1mos ter\u00fcleten lehetne gy\u00fcm\u00f6lcs\u00f6z\u0151, mindk\u00e9t f\u00e9l sz\u00e1m\u00e1ra hasznos az egy\u00fcttm\u0171k\u00f6d\u00e9s. Gondolok itt els\u0151sorban a k\u00f6zoktat\u00e1si, pedag\u00f3gusk\u00e9pz\u00e9si egy\u00fcttm\u0171k\u00f6d\u00e9s er\u0151s\u00edt\u00e9s\u00e9re, a v\u00e1rosi \u00e9s egyetemi k\u00f6zoktat\u00e1si int\u00e9zm\u00e9nyrendszer \u00f6sszekapcsol\u00e1s\u00e1ra, a tov\u00e1bbk\u00e9pz\u00e9si rendszereink \u00f6sszehangol\u00e1s\u00e1ra \u00e9s k\u00f6z\u00f6s haszn\u00e1lat\u00e1ra, \u00e9s \u00e1ltal\u00e1ban az er\u0151forr\u00e1saink p\u00e1rhuzamoss\u00e1g\u00e1nak megsz\u00fcntet\u00e9s\u00e9re (l\u00e1sd: Tud\u00e1sk\u00f6zpont), \u00e9s a megl\u00e9v\u0151k k\u00f6z\u00f6s haszn\u00e1lat\u00e1ra, a k\u00f6lcs\u00f6n\u00f6s el\u0151ny\u00f6k biztos\u00edt\u00e1s\u00e1val.<\/p><\/blockquote>\n<p>A t\u00e9m\u00e1ban megkerest\u00fck dr. Horv\u00e1th \u00c1gnest, aki port\u00e1lunkkal k\u00f6z\u00f6lte: \u201eegy int\u00e9zm\u00e9ny m\u0171k\u00f6dtet\u00e9s\u00e9re vonatkoz\u00f3 \u00f6tlet, v\u00e9lem\u00e9ny nem t\u00e1rgya a szerz\u0151i jogi v\u00e9delemnek. Fontosnak tartom a j\u00f3 p\u00e9ld\u00e1k, gondolatok k\u00f6vet\u00e9s\u00e9t, tov\u00e1bbvitel\u00e9t.\u201d Majd a Politol\u00f3gia Tansz\u00e9k vezet\u0151je az <strong><a href=\"http:\/\/index.hu\/belfold\/2013\/03\/01\/rektori_palyazat\/\">Index.hu egyik kor\u00e1bbi cikk\u00e9b\u0151l id\u00e9zett<\/a><\/strong>, abb\u00f3l, amelyben a h\u00edrport\u00e1l le\u00edrta, hogy a Miskolci Egyetem mostani rektori p\u00e1ly\u00e1zata sor\u00e1n az egyik jel\u00f6lt szint\u00e9n dr. B\u00f3dis J\u00f3zsef p\u00e1ly\u00e1zat\u00e1b\u00f3l emelt \u00e1t forr\u00e1smegjel\u00f6l\u00e9s n\u00e9lk\u00fcl r\u00e9szleteket. Dr. Horv\u00e1th \u00c1gnes a cikk p\u00e9csi rektort id\u00e9z\u0151 fejezet\u00e9b\u0151l azt emelte ki nek\u00fcnk, amelyben dr. B\u00f3dis J\u00f3zsef azt mondja: \u201emegtisztel\u0151 sz\u00e1m\u00e1ra, hogy kor\u00e1bbi p\u00e1ly\u00e1zata m\u00e1s sz\u00e1m\u00e1ra hasznos\u00edthat\u00f3 gondolatokat tartalmaz \u00e9s hozz\u00e1j\u00e1rult ahhoz, hogy azt forr\u00e1sk\u00e9nt felhaszn\u00e1lj\u00e1k.&#8221;<\/p>\n<p><strong>Ki az a dr. Horv\u00e1th \u00c1gnes?<\/strong><\/p>\n<p>Az Index.hu \u00edr\u00e1sa a dr. Horv\u00e1th \u00c1gnes \u00e1ltal id\u00e9zett bekezd\u00e9sben ugyanakkor azt is eml\u00edti, hogy dr. B\u00f3dis J\u00f3zseft\u0151l enged\u00e9lyt k\u00e9rt a miskolci rektorjel\u00f6lt, \u00edgy a p\u00e9csi rektor ezt k\u00f6vet\u0151en j\u00e1rult hozz\u00e1 ahhoz, hogy forr\u00e1sk\u00e9nt felhaszn\u00e1lj\u00e1k a p\u00e1ly\u00e1zat\u00e1t. Ez az egri p\u00e1ly\u00e1z\u00f3 kapcs\u00e1n nem t\u00f6rt\u00e9nhetett meg, ugyanis dr. Horv\u00e1th \u00c1gnes nem kereste meg a p\u00e9csi rektort. Ezt maga dr. B\u00f3dis J\u00f3zsef er\u0151s\u00edtette meg port\u00e1lunknak, aki \u00e9rdekl\u0151d\u00e9s\u00fcnkre azt k\u00f6z\u00f6lte: \u201eAz \u00d6n \u00e1ltal nevezett oktat\u00f3t nem ismerem, \u00e9s nem is keresett meg azzal kapcsolatban, hogy felhaszn\u00e1ln\u00e1 p\u00e1ly\u00e1zatomat&#8221;. Majd k\u00e9rd\u00e9s\u00fcnkre lesz\u00f6gezte: nem k\u00e9sz\u00fcl jogi vagy egy\u00e9b l\u00e9p\u00e9sre.<\/p>\n<p>Dr. Horv\u00e1th \u00c1gnest\u0151l azt is megk\u00e9rdezt\u00fck, hogy a nemzetk\u00f6zi tanulm\u00e1nyok szakos hallgat\u00f3inak dolgozatait olvasva nem tenne-e kifog\u00e1st, ha azt l\u00e1tn\u00e1, hogy mindenf\u00e9le forr\u00e1smegjel\u00f6l\u00e9s n\u00e9lk\u00fcl haszn\u00e1lnak m\u00e1s, hasonl\u00f3 t\u00e9m\u00e1ban sz\u00fcletett szellemi term\u00e9keket. Lesz\u00f6gezte, hogy az akad\u00e9miai munk\u00e1kban k\u00f6telez\u0151 a forr\u00e1sok megjel\u00f6l\u00e9se. Szerinte a p\u00e1ly\u00e1zat nem tartozik ebbe a kateg\u00f3ri\u00e1ba. \u201eSz\u00e1mtalan esetben adunk a hallgat\u00f3knak mint\u00e1kat kor\u00e1bbi p\u00e1ly\u00e1zatokb\u00f3l, hogy fel tudj\u00e1k haszn\u00e1lni a saj\u00e1t p\u00e1ly\u00e1zatuk elk\u00e9sz\u00edt\u00e9se sor\u00e1n\u201d \u2013 hangs\u00falyozta a tansz\u00e9kvezet\u0151.<\/p>\n<p>Azt m\u00e1r csak mi jegyezn\u00e9nk meg, hogy v\u00e9lhet\u0151en di\u00e1kjai \u2013 ha ez az elj\u00e1r\u00e1s ily m\u00f3don t\u00e9nyleg megengedett n\u00e1luk \u2013 nem esnek abba a hib\u00e1ba, hogy egy m\u00e1sik int\u00e9zm\u00e9ny nev\u00e9vel jel\u00f6lik meg azt, amelyet \u0151k akarnak majd vezetni.<\/p>\n<p>Forr\u00e1s: <a href=\"http:\/\/egriugyek.hu\">Egri\u00fcgyek<\/a><\/p>\n","protected":false},"excerpt":{"rendered":"<p>A p\u00e9csi rektor \u00e9vekkel ezel\u0151tti p\u00e1ly\u00e1zat\u00e1b\u00f3l vett \u00e1t sok helyen sz\u00f3 szerinti megegyez\u00e9sekkel r\u00e9szleteket az EKF rektori sz\u00e9k\u00e9re p\u00e1ly\u00e1z\u00f3 dr. Horv\u00e1th \u00c1gnes. Rektori p\u00e1ly\u00e1zat\u00e1ban t\u00f6bb helyen m\u00e9g a P\u00e9csi Tudom\u00e1nyegyetem r\u00f6vid\u00edt\u00e9s\u00e9t is benne felejtette, \u00edgy az EKF helyett PTE \u00e1ll n\u00e9h\u00e1ny bekezd\u00e9sben. Az egri tansz\u00e9kvezet\u0151 sehol sem haszn\u00e1l hivatkoz\u00e1st, ezzel szerinte nincs gond.<br \/>\nMint m\u00e1r kor\u00e1bban [&#8230;]<\/p>\n","protected":false},"author":4,"featured_media":0,"comment_status":"open","ping_status":"open","sticky":false,"template":"","format":"standard","meta":{"footnotes":""},"categories":[6,9],"tags":[34,1600,96,1599,1598],"class_list":["post-9634","post","type-post","status-publish","format-standard","hentry","category-belfold","category-oktatas","tag-ekf","tag-jelolt","tag-palyazat","tag-plagium","tag-rektor"],"_links":{"self":[{"href":"https:\/\/www.agriatv.hu\/index.php?rest_route=\/wp\/v2\/posts\/9634","targetHints":{"allow":["GET"]}}],"collection":[{"href":"https:\/\/www.agriatv.hu\/index.php?rest_route=\/wp\/v2\/posts"}],"about":[{"href":"https:\/\/www.agriatv.hu\/index.php?rest_route=\/wp\/v2\/types\/post"}],"author":[{"embeddable":true,"href":"https:\/\/www.agriatv.hu\/index.php?rest_route=\/wp\/v2\/users\/4"}],"replies":[{"embeddable":true,"href":"https:\/\/www.agriatv.hu\/index.php?rest_route=%2Fwp%2Fv2%2Fcomments&post=9634"}],"version-history":[{"count":2,"href":"https:\/\/www.agriatv.hu\/index.php?rest_route=\/wp\/v2\/posts\/9634\/revisions"}],"predecessor-version":[{"id":12288,"href":"https:\/\/www.agriatv.hu\/index.php?rest_route=\/wp\/v2\/posts\/9634\/revisions\/12288"}],"wp:attachment":[{"href":"https:\/\/www.agriatv.hu\/index.php?rest_route=%2Fwp%2Fv2%2Fmedia&parent=9634"}],"wp:term":[{"taxonomy":"category","embeddable":true,"href":"https:\/\/www.agriatv.hu\/index.php?rest_route=%2Fwp%2Fv2%2Fcategories&post=9634"},{"taxonomy":"post_tag","embeddable":true,"href":"https:\/\/www.agriatv.hu\/index.php?rest_route=%2Fwp%2Fv2%2Ftags&post=9634"}],"curies":[{"name":"wp","href":"https:\/\/api.w.org\/{rel}","templated":true}]}}