{"id":9651,"date":"2013-03-18T11:52:45","date_gmt":"2013-03-18T11:52:45","guid":{"rendered":"http:\/\/www.agriatv.hu\/?p=9651"},"modified":"2013-03-18T17:06:44","modified_gmt":"2013-03-18T17:06:44","slug":"holttestet-talaltak-a-kigyulladt-hazban-tiszananan","status":"publish","type":"post","link":"https:\/\/www.agriatv.hu\/?p=9651","title":{"rendered":"Holttestet tal\u00e1ltak a kigyulladt h\u00e1zban Tiszan\u00e1n\u00e1n"},"content":{"rendered":"<p><strong><a href=\"https:\/\/www.agriatv.hu\/wp-content\/uploads\/2013\/03\/0318tiszanana_v.jpg\"><img loading=\"lazy\" decoding=\"async\" class=\"alignleft size-medium wp-image-9652\" alt=\"0318tiszanana_v\" src=\"https:\/\/www.agriatv.hu\/wp-content\/uploads\/2013\/03\/0318tiszanana_v-300x240.jpg\" width=\"105\" height=\"66\" \/><\/a><\/strong>H\u00e9tf\u0151n reggel nyolc \u00f3ra ut\u00e1n \u00e9rkezett a bejelent\u00e9s a Heves Megyei Katasztr\u00f3fav\u00e9delmi Igazgat\u00f3s\u00e1g f\u0151\u00fcgyelet\u00e9re, miszerint Tiszan\u00e1n\u00e1n kigyulladt egy csal\u00e1di h\u00e1z. A helysz\u00ednre a tiszan\u00e1nai \u00e9s a hevesi l\u00e1nglovagok vonultak. Ki\u00e9rkez\u00e9skor meg\u00e1llap\u00edtott\u00e1k, hogy a t\u0171z m\u00e1r elaludt, az \u00e9p\u00fclet egyik szob\u00e1j\u00e1ban azonban egy elhunyt szem\u00e9ly tal\u00e1lhat\u00f3. Az esettel kapcsolatban t\u0171zvizsg\u00e1lati elj\u00e1r\u00e1s indult, melynek eredm\u00e9nye fogja majd meg\u00e1llap\u00edtani, hogy mi okozta a trag\u00e9di\u00e1t &#8211; mondta el port\u00e1lunknak Antal Erika, megyei katasztr\u00f3fav\u00e9delmi sz\u00f3viv\u0151.<\/p>\n<p>Galambos S\u00e1ndorn\u00e9, a szomsz\u00e9dban lak\u00f3 h\u00f6lgy azt mes\u00e9li, hogy nem volt nagy t\u0171z, \u00fagy tudja, hogy a lak\u00f3k begy\u00fajtottak a kemenc\u00e9be.<\/p>\n<p>\u2013 Bementem a szob\u00e1mba reggel\u00a0\u00e9s \u00e9szrevettem a t\u0171zolt\u00f3kat. Nem tudom, mi t\u00f6rt\u00e9nhetett. Azt gondoltam, hogy itt h\u00e1ltak, mert l\u00e1nyom tegnap este ment haza busszal \u00e9s akkor l\u00e1ttam a fiatalembert. Nem volt t\u0171z, azt mondt\u00e1k, hogy bef\u0171t\u00f6ttek a kemenc\u00e9be. A k\u00e1lyh\u00e1j\u00e1t ugyanis m\u00e1r ellopt\u00e1k, meg a t\u00e9v\u00e9t is, de nem voltam m\u00e9g n\u00e1luk, nem tudom, hogyan \u00e9ltek &#8211; tette hozz\u00e1.<\/p>\n<p>V\u00e1mos Bogl\u00e1rka r. \u0151rmester, a Heves Megyei Rend\u0151r-f\u0151kapit\u00e1nys\u00e1g sajt\u00f3referense elmondta, hogy a helysz\u00edni szemle sor\u00e1n meg\u00e1llap\u00edt\u00e1st nyert, hogy egy 75 \u00e9ves f\u00e9rfi vesztette \u00e9let\u00e9t a helysz\u00ednen. Tekintettel arra, hogy idegenkez\u0171s\u00e9g nem mer\u00fclt fel, a Hevesi Rend\u0151rkapit\u00e1nys\u00e1g k\u00f6zigazgat\u00e1si elj\u00e1r\u00e1s keretein bel\u00fcl vizsg\u00e1lja az eset k\u00f6r\u00fclm\u00e9nyeit.\u00a0A t\u0171z keletkez\u00e9s\u00e9nek ok\u00e1t t\u0171zvizsg\u00e1l\u00f3 fogja meg\u00e1llap\u00edtani.<\/p>\n<div class=\"wordtube\">\n<div class=\"wordtube single825\" id=\"WT1_1\" style=\"width:320px; height:240px;\">\n<a href=\"http:\/\/www.macromedia.com\/go\/getflashplayer\">Get the Flash Player<\/a> to see the wordTube Media Player.\n<\/div><\/div>\n\t<script type=\"text\/javascript\" defer=\"defer\">\nvar WT1_1 = {\n\tparams : {\n\t\twmode : \"opaque\",\n\t\tallowscriptaccess : \"always\",\n\t\tallownetworking : \"all\",\n\t\tallowfullscreen : \"true\"},\n\tflashvars : {\n\t\tfile : \"http%3A%2F%2Fwww.agriatv.hu%2Fwp-content%2Fuploads%2F2013%2F03%2F0318tiszanana.flv\",\n\t\tvolume : \"80\",\n\t\tbufferlength : \"5\",\n\t\tquality : \"false\",\n\t\t'logo.hide' : \"false\",\n\t\timage : \"http%3A%2F%2Fwww.agriatv.hu%2Fwp-content%2Fuploads%2F2013%2F03%2F0318tiszanana.jpg\",\n\t\ttitle : \"0318tiszanana.flv\",\n\t\tlinktarget : \"_self\"},\n\tattr : {\n\t\tid : \"WT1\",\n\t\tname : \"WT1\"},\n\tstart : function() {\n\t\tswfobject.embedSWF(\"https:\/\/www.agriatv.hu\/\/player.swf\", \"WT1_1\", \"320\", \"240\", \"9.0.0\", false, this.flashvars, this.params , this.attr );\n\t}\n}\nWT1_1.start();\n\t<\/script>\n\n","protected":false},"excerpt":{"rendered":"<p>H\u00e9tf\u0151n reggel nyolc \u00f3ra ut\u00e1n \u00e9rkezett a bejelent\u00e9s a Heves Megyei Katasztr\u00f3fav\u00e9delmi Igazgat\u00f3s\u00e1g f\u0151\u00fcgyelet\u00e9re, miszerint Tiszan\u00e1n\u00e1n kigyulladt egy csal\u00e1di h\u00e1z. A helysz\u00ednre a tiszan\u00e1nai \u00e9s a hevesi l\u00e1nglovagok vonultak. Ki\u00e9rkez\u00e9skor meg\u00e1llap\u00edtott\u00e1k, hogy a t\u0171z m\u00e1r elaludt, az \u00e9p\u00fclet egyik szob\u00e1j\u00e1ban azonban egy elhunyt szem\u00e9ly tal\u00e1lhat\u00f3. Az esettel kapcsolatban t\u0171zvizsg\u00e1lati elj\u00e1r\u00e1s indult, melynek eredm\u00e9nye fogja majd [&#8230;]<\/p>\n","protected":false},"author":4,"featured_media":0,"comment_status":"open","ping_status":"open","sticky":false,"template":"","format":"standard","meta":{"footnotes":""},"categories":[5],"tags":[771,313,122,484],"class_list":["post-9651","post","type-post","status-publish","format-standard","hentry","category-kek-hirek","tag-halal","tag-katasztrofavedelem","tag-rendorseg","tag-tuz"],"_links":{"self":[{"href":"https:\/\/www.agriatv.hu\/index.php?rest_route=\/wp\/v2\/posts\/9651","targetHints":{"allow":["GET"]}}],"collection":[{"href":"https:\/\/www.agriatv.hu\/index.php?rest_route=\/wp\/v2\/posts"}],"about":[{"href":"https:\/\/www.agriatv.hu\/index.php?rest_route=\/wp\/v2\/types\/post"}],"author":[{"embeddable":true,"href":"https:\/\/www.agriatv.hu\/index.php?rest_route=\/wp\/v2\/users\/4"}],"replies":[{"embeddable":true,"href":"https:\/\/www.agriatv.hu\/index.php?rest_route=%2Fwp%2Fv2%2Fcomments&post=9651"}],"version-history":[{"count":3,"href":"https:\/\/www.agriatv.hu\/index.php?rest_route=\/wp\/v2\/posts\/9651\/revisions"}],"predecessor-version":[{"id":9654,"href":"https:\/\/www.agriatv.hu\/index.php?rest_route=\/wp\/v2\/posts\/9651\/revisions\/9654"}],"wp:attachment":[{"href":"https:\/\/www.agriatv.hu\/index.php?rest_route=%2Fwp%2Fv2%2Fmedia&parent=9651"}],"wp:term":[{"taxonomy":"category","embeddable":true,"href":"https:\/\/www.agriatv.hu\/index.php?rest_route=%2Fwp%2Fv2%2Fcategories&post=9651"},{"taxonomy":"post_tag","embeddable":true,"href":"https:\/\/www.agriatv.hu\/index.php?rest_route=%2Fwp%2Fv2%2Ftags&post=9651"}],"curies":[{"name":"wp","href":"https:\/\/api.w.org\/{rel}","templated":true}]}}