{"id":9679,"date":"2013-03-18T17:42:03","date_gmt":"2013-03-18T17:42:03","guid":{"rendered":"http:\/\/www.agriatv.hu\/?p=9679"},"modified":"2013-03-18T17:42:16","modified_gmt":"2013-03-18T17:42:16","slug":"horvath-agnes-visszavonta-rektori-palyazatat","status":"publish","type":"post","link":"https:\/\/www.agriatv.hu\/?p=9679","title":{"rendered":"Horv\u00e1th \u00c1gnes visszavonta rektori p\u00e1ly\u00e1zat\u00e1t"},"content":{"rendered":"<p align=\"center\"><img loading=\"lazy\" decoding=\"async\" class=\"decoded alignleft\" alt=\"http:\/\/www.egriszin.hu\/RenderedContents\/middleImages\/6\/6736-20091221:235603-SANY4572.JPG\" src=\"http:\/\/www.egriszin.hu\/RenderedContents\/middleImages\/6\/6736-20091221:235603-SANY4572.JPG\" width=\"62\" height=\"83\" \/><strong>Nyilatkozat rektori p\u00e1ly\u00e1zat visszavon\u00e1s\u00e1r\u00f3l<\/strong><\/p>\n<p>A 2012. december 14-i hat\u00e1rid\u0151vel beadott, az Eszterh\u00e1zy K\u00e1roly F\u0151iskola rektori munkak\u00f6r\u00e9nek bet\u00f6lt\u00e9s\u00e9re sz\u00f3l\u00f3 p\u00e1ly\u00e1zatomat 2013. m\u00e1rcius 13-i d\u00e1tummal visszavontam.<br \/>\nHiszek abban, hogy az Eszterh\u00e1zy K\u00e1roly F\u0151iskola j\u00f6v\u0151je a nemzetk\u00f6zi \u00e9s t\u00e1rsadalmi kapcsolatok meger\u0151s\u00edt\u00e9s\u00e9ben, \u00e9p\u00edt\u00e9s\u00e9ben van, ugyanakkor az int\u00e9zm\u00e9nyvezet\u0151re napjainkban s\u00falyos felel\u0151ss\u00e9ggel h\u00e1rul a forr\u00e1sszerz\u00e9s \u00e9s a szervezet napi m\u0171k\u00f6dtet\u00e9s\u00e9nek terhe is. Rektork\u00e9nt nem lenne id\u0151m \u00e9s energi\u00e1m a j\u00f6v\u0151 \u00e9p\u00edt\u00e9s\u00e9re, ez\u00e9rt vontam vissza a p\u00e1ly\u00e1zatomat.<\/p>\n<p>Az Eszterh\u00e1zy K\u00e1roly F\u0151iskol\u00e1t tov\u00e1bbra is a hazai \u00e9s nemzetk\u00f6zi egy\u00fcttm\u0171k\u00f6d\u00e9sek szervez\u00e9s\u00e9vel fogom szolg\u00e1lni.<\/p>\n<p>&nbsp;<\/p>\n<p>Ez\u00faton is k\u00f6sz\u00f6n\u00f6m koll\u00e9g\u00e1im t\u00e1mogat\u00e1s\u00e1t \u00e9s bizalm\u00e1t!<br \/>\nDr. Horv\u00e1th \u00c1gnes<br \/>\ntansz\u00e9kvezet\u0151 f\u0151iskolai tan\u00e1r<br \/>\nEszterh\u00e1zy K\u00e1roly F\u0151iskola<\/p>\n","protected":false},"excerpt":{"rendered":"<p>Nyilatkozat rektori p\u00e1ly\u00e1zat visszavon\u00e1s\u00e1r\u00f3l<br \/>\nA 2012. december 14-i hat\u00e1rid\u0151vel beadott, az Eszterh\u00e1zy K\u00e1roly F\u0151iskola rektori munkak\u00f6r\u00e9nek bet\u00f6lt\u00e9s\u00e9re sz\u00f3l\u00f3 p\u00e1ly\u00e1zatomat 2013. m\u00e1rcius 13-i d\u00e1tummal visszavontam.<br \/>\nHiszek abban, hogy az Eszterh\u00e1zy K\u00e1roly F\u0151iskola j\u00f6v\u0151je a nemzetk\u00f6zi \u00e9s t\u00e1rsadalmi kapcsolatok meger\u0151s\u00edt\u00e9s\u00e9ben, \u00e9p\u00edt\u00e9s\u00e9ben van, ugyanakkor az int\u00e9zm\u00e9nyvezet\u0151re napjainkban s\u00falyos felel\u0151ss\u00e9ggel h\u00e1rul a forr\u00e1sszerz\u00e9s \u00e9s a szervezet napi m\u0171k\u00f6dtet\u00e9s\u00e9nek terhe is. Rektork\u00e9nt [&#8230;]<\/p>\n","protected":false},"author":4,"featured_media":0,"comment_status":"open","ping_status":"open","sticky":false,"template":"","format":"standard","meta":{"footnotes":""},"categories":[6,9],"tags":[34,1606],"class_list":["post-9679","post","type-post","status-publish","format-standard","hentry","category-belfold","category-oktatas","tag-ekf","tag-rektor-palyazat"],"_links":{"self":[{"href":"https:\/\/www.agriatv.hu\/index.php?rest_route=\/wp\/v2\/posts\/9679","targetHints":{"allow":["GET"]}}],"collection":[{"href":"https:\/\/www.agriatv.hu\/index.php?rest_route=\/wp\/v2\/posts"}],"about":[{"href":"https:\/\/www.agriatv.hu\/index.php?rest_route=\/wp\/v2\/types\/post"}],"author":[{"embeddable":true,"href":"https:\/\/www.agriatv.hu\/index.php?rest_route=\/wp\/v2\/users\/4"}],"replies":[{"embeddable":true,"href":"https:\/\/www.agriatv.hu\/index.php?rest_route=%2Fwp%2Fv2%2Fcomments&post=9679"}],"version-history":[{"count":3,"href":"https:\/\/www.agriatv.hu\/index.php?rest_route=\/wp\/v2\/posts\/9679\/revisions"}],"predecessor-version":[{"id":9682,"href":"https:\/\/www.agriatv.hu\/index.php?rest_route=\/wp\/v2\/posts\/9679\/revisions\/9682"}],"wp:attachment":[{"href":"https:\/\/www.agriatv.hu\/index.php?rest_route=%2Fwp%2Fv2%2Fmedia&parent=9679"}],"wp:term":[{"taxonomy":"category","embeddable":true,"href":"https:\/\/www.agriatv.hu\/index.php?rest_route=%2Fwp%2Fv2%2Fcategories&post=9679"},{"taxonomy":"post_tag","embeddable":true,"href":"https:\/\/www.agriatv.hu\/index.php?rest_route=%2Fwp%2Fv2%2Ftags&post=9679"}],"curies":[{"name":"wp","href":"https:\/\/api.w.org\/{rel}","templated":true}]}}