{"id":9743,"date":"2013-03-25T15:01:02","date_gmt":"2013-03-25T15:01:02","guid":{"rendered":"http:\/\/www.agriatv.hu\/?p=9743"},"modified":"2013-03-25T15:38:55","modified_gmt":"2013-03-25T15:38:55","slug":"cserepfalun-egett-egy-haz","status":"publish","type":"post","link":"https:\/\/www.agriatv.hu\/?p=9743","title":{"rendered":"Cser\u00e9pfalun \u00e9gett egy h\u00e1z"},"content":{"rendered":"<p><a href=\"https:\/\/www.agriatv.hu\/wp-content\/uploads\/2013\/03\/0325cserepfalu_tuz_v.jpg\"><img loading=\"lazy\" decoding=\"async\" class=\"alignleft size-medium wp-image-9744\" alt=\"0325cserepfalu_tuz_v\" src=\"https:\/\/www.agriatv.hu\/wp-content\/uploads\/2013\/03\/0325cserepfalu_tuz_v-300x240.jpg\" width=\"124\" height=\"73\" \/><\/a>H\u00e9tf\u0151n, nem sokkal d\u00e9l el\u0151tt kigyulladt egy csal\u00e1di h\u00e1z Cser\u00e9pfalun, k\u00f6z\u00f6lte a BAZ megyei katasztr\u00f3fav\u00e9delmi igazgat\u00f3s\u00e1g.<\/p>\n<p>A megyei igazgat\u00f3s\u00e1g f\u0151\u00fcgyelet\u00e9re \u00e9rkezett bejelent\u00e9s nyom\u00e1n a mez\u0151k\u00f6vesdi \u00e9s az egri hivat\u00e1sos t\u0171zolt\u00f3kat riasztott\u00e1k, akik a helysz\u00edni felder\u00edt\u00e9s sor\u00e1n meg\u00e1llap\u00edtott\u00e1k, hogy egy cser\u00e9pfedeles csal\u00e1di h\u00e1z k\u00e9m\u00e9ny\u00e9be \u00e9p\u00edtett gerenda \u00e9gett, majd a t\u0171z \u00f6t n\u00e9gyzetm\u00e9teren \u00e1tterjedt a tet\u0151szerkezetre is. Az \u00e9p\u00fcletb\u0151l egy prop\u00e1n-but\u00e1n palackot hoztak ki a t\u0171zolt\u00f3k, akik a t\u00fczet ki\u00e9rkez\u00e9s\u00fcket k\u00f6vet\u0151en r\u00f6vid id\u0151n bel\u00fcl eloltott\u00e1k. A t\u0171zeset sor\u00e1n szem\u00e9lyi s\u00e9r\u00fcl\u00e9s nem t\u00f6rt\u00e9nt.<div class=\"wordtube\">\n<div class=\"wordtube single833\" id=\"WT1_1\" style=\"width:320px; height:240px;\">\n<a href=\"http:\/\/www.macromedia.com\/go\/getflashplayer\">Get the Flash Player<\/a> to see the wordTube Media Player.\n<\/div><\/div>\n\t<script type=\"text\/javascript\" defer=\"defer\">\nvar WT1_1 = {\n\tparams : {\n\t\twmode : \"opaque\",\n\t\tallowscriptaccess : \"always\",\n\t\tallownetworking : \"all\",\n\t\tallowfullscreen : \"true\"},\n\tflashvars : {\n\t\tfile : \"http%3A%2F%2Fwww.agriatv.hu%2Fwp-content%2Fuploads%2F2013%2F03%2F0325cserepfalu_tuz.flv\",\n\t\tvolume : \"80\",\n\t\tbufferlength : \"5\",\n\t\tquality : \"false\",\n\t\t'logo.hide' : \"false\",\n\t\timage : \"http%3A%2F%2Fwww.agriatv.hu%2Fwp-content%2Fuploads%2F2013%2F03%2F0325cserepfalu_tuz.jpg\",\n\t\ttitle : \"0325cserepfalu_tuz.flv\",\n\t\tlinktarget : \"_self\"},\n\tattr : {\n\t\tid : \"WT1\",\n\t\tname : \"WT1\"},\n\tstart : function() {\n\t\tswfobject.embedSWF(\"https:\/\/www.agriatv.hu\/\/player.swf\", \"WT1_1\", \"320\", \"240\", \"9.0.0\", false, this.flashvars, this.params , this.attr );\n\t}\n}\nWT1_1.start();\n\t<\/script>\n<\/p>\n","protected":false},"excerpt":{"rendered":"<p>H\u00e9tf\u0151n, nem sokkal d\u00e9l el\u0151tt kigyulladt egy csal\u00e1di h\u00e1z Cser\u00e9pfalun, k\u00f6z\u00f6lte a BAZ megyei katasztr\u00f3fav\u00e9delmi igazgat\u00f3s\u00e1g.<br \/>\nA megyei igazgat\u00f3s\u00e1g f\u0151\u00fcgyelet\u00e9re \u00e9rkezett bejelent\u00e9s nyom\u00e1n a mez\u0151k\u00f6vesdi \u00e9s az egri hivat\u00e1sos t\u0171zolt\u00f3kat riasztott\u00e1k, akik a helysz\u00edni felder\u00edt\u00e9s sor\u00e1n meg\u00e1llap\u00edtott\u00e1k, hogy egy cser\u00e9pfedeles csal\u00e1di h\u00e1z k\u00e9m\u00e9ny\u00e9be \u00e9p\u00edtett gerenda \u00e9gett, majd a t\u0171z \u00f6t n\u00e9gyzetm\u00e9teren \u00e1tterjedt a tet\u0151szerkezetre is. Az [&#8230;]<\/p>\n","protected":false},"author":4,"featured_media":0,"comment_status":"open","ping_status":"open","sticky":false,"template":"","format":"standard","meta":{"footnotes":""},"categories":[5],"tags":[196,484,161],"class_list":["post-9743","post","type-post","status-publish","format-standard","hentry","category-kek-hirek","tag-kar","tag-tuz","tag-tuzolto"],"_links":{"self":[{"href":"https:\/\/www.agriatv.hu\/index.php?rest_route=\/wp\/v2\/posts\/9743","targetHints":{"allow":["GET"]}}],"collection":[{"href":"https:\/\/www.agriatv.hu\/index.php?rest_route=\/wp\/v2\/posts"}],"about":[{"href":"https:\/\/www.agriatv.hu\/index.php?rest_route=\/wp\/v2\/types\/post"}],"author":[{"embeddable":true,"href":"https:\/\/www.agriatv.hu\/index.php?rest_route=\/wp\/v2\/users\/4"}],"replies":[{"embeddable":true,"href":"https:\/\/www.agriatv.hu\/index.php?rest_route=%2Fwp%2Fv2%2Fcomments&post=9743"}],"version-history":[{"count":5,"href":"https:\/\/www.agriatv.hu\/index.php?rest_route=\/wp\/v2\/posts\/9743\/revisions"}],"predecessor-version":[{"id":9747,"href":"https:\/\/www.agriatv.hu\/index.php?rest_route=\/wp\/v2\/posts\/9743\/revisions\/9747"}],"wp:attachment":[{"href":"https:\/\/www.agriatv.hu\/index.php?rest_route=%2Fwp%2Fv2%2Fmedia&parent=9743"}],"wp:term":[{"taxonomy":"category","embeddable":true,"href":"https:\/\/www.agriatv.hu\/index.php?rest_route=%2Fwp%2Fv2%2Fcategories&post=9743"},{"taxonomy":"post_tag","embeddable":true,"href":"https:\/\/www.agriatv.hu\/index.php?rest_route=%2Fwp%2Fv2%2Ftags&post=9743"}],"curies":[{"name":"wp","href":"https:\/\/api.w.org\/{rel}","templated":true}]}}