{"id":9784,"date":"2013-03-29T17:10:38","date_gmt":"2013-03-29T17:10:38","guid":{"rendered":"http:\/\/www.agriatv.hu\/?p=9784"},"modified":"2013-03-29T17:10:38","modified_gmt":"2013-03-29T17:10:38","slug":"shito-ryu-egerben","status":"publish","type":"post","link":"https:\/\/www.agriatv.hu\/?p=9784","title":{"rendered":"Shito Ryu Egerben"},"content":{"rendered":"<p><a href=\"https:\/\/www.agriatv.hu\/wp-content\/uploads\/2013\/03\/0324karate_v.jpg\"><img loading=\"lazy\" decoding=\"async\" class=\"alignleft size-medium wp-image-9786\" alt=\"0324karate_v\" src=\"https:\/\/www.agriatv.hu\/wp-content\/uploads\/2013\/03\/0324karate_v-300x240.jpg\" width=\"113\" height=\"67\" \/><\/a>Imm\u00e1r 19. alkalommal tartott magas szint\u0171 szemin\u00e1riumot Egerben Hidetoshi Nakahashi 9. danos Shito Ryu mester. A m\u00e1rcius 23-24-\u00e9n megrendezett t\u00e1borban a legfiatalabbt\u00f3l a leg\u00f6regebbig mindenki sokat tudott tanulni a mestert\u0151l, aki a francia \u00e9s jap\u00e1n nemzeti v\u00e1logatott mellett is dolgozik technikai tan\u00e1csad\u00f3k\u00e9nt. A mostani szemin\u00e1rium is, mint a legt\u00f6bb \u00e1ltala tartott, nem a sportkarat\u00e9r\u00f3l, hanem a teljes \u00e9leten \u00e1t tanulhat\u00f3 budo, azaz harcm\u0171v\u00e9szeti karat\u00e9r\u00f3l sz\u00f3lt. Ennek legjobb p\u00e9ld\u00e1ja \u0150 maga, aki 68 \u00e9vesen fiatalokat megsz\u00e9gyen\u00edt\u0151 m\u00f3don edz, magyar\u00e1z, tan\u00edt. A mostani edz\u00e9sek magv\u00e1t a Pinan oyo bunkai, a Tenso illetve a Koryu Ananko formagyakorlatok alkalmaz\u00e1sa, \u00e9rtelmez\u00e9se tette ki.<div class=\"wordtube\">\n<div class=\"wordtube single840\" id=\"WT1_1\" style=\"width:320px; height:240px;\">\n<a href=\"http:\/\/www.macromedia.com\/go\/getflashplayer\">Get the Flash Player<\/a> to see the wordTube Media Player.\n<\/div><\/div>\n\t<script type=\"text\/javascript\" defer=\"defer\">\nvar WT1_1 = {\n\tparams : {\n\t\twmode : \"opaque\",\n\t\tallowscriptaccess : \"always\",\n\t\tallownetworking : \"all\",\n\t\tallowfullscreen : \"true\"},\n\tflashvars : {\n\t\tfile : \"http%3A%2F%2Fwww.agriatv.hu%2Fwp-content%2Fuploads%2F2013%2F03%2F0324karate.flv\",\n\t\tvolume : \"80\",\n\t\tbufferlength : \"5\",\n\t\tquality : \"false\",\n\t\t'logo.hide' : \"false\",\n\t\timage : \"http%3A%2F%2Fwww.agriatv.hu%2Fwp-content%2Fuploads%2F2013%2F03%2F0324karate.jpg\",\n\t\ttitle : \"0324karate.flv\",\n\t\tlinktarget : \"_self\"},\n\tattr : {\n\t\tid : \"WT1\",\n\t\tname : \"WT1\"},\n\tstart : function() {\n\t\tswfobject.embedSWF(\"https:\/\/www.agriatv.hu\/\/player.swf\", \"WT1_1\", \"320\", \"240\", \"9.0.0\", false, this.flashvars, this.params , this.attr );\n\t}\n}\nWT1_1.start();\n\t<\/script>\n<\/p>\n","protected":false},"excerpt":{"rendered":"<p>Imm\u00e1r 19. alkalommal tartott magas szint\u0171 szemin\u00e1riumot Egerben Hidetoshi Nakahashi 9. danos Shito Ryu mester. A m\u00e1rcius 23-24-\u00e9n megrendezett t\u00e1borban a legfiatalabbt\u00f3l a leg\u00f6regebbig mindenki sokat tudott tanulni a mestert\u0151l, aki a francia \u00e9s jap\u00e1n nemzeti v\u00e1logatott mellett is dolgozik technikai tan\u00e1csad\u00f3k\u00e9nt. A mostani szemin\u00e1rium is, mint a legt\u00f6bb \u00e1ltala tartott, nem a sportkarat\u00e9r\u00f3l, hanem [&#8230;]<\/p>\n","protected":false},"author":4,"featured_media":0,"comment_status":"open","ping_status":"open","sticky":false,"template":"","format":"standard","meta":{"footnotes":""},"categories":[11,4],"tags":[1622,36,183,1460,597,4417],"class_list":["post-9784","post","type-post","status-publish","format-standard","hentry","category-sport","category-szabadido","tag-budo","tag-eger","tag-karate","tag-mester","tag-shito-ryu","tag-sport"],"_links":{"self":[{"href":"https:\/\/www.agriatv.hu\/index.php?rest_route=\/wp\/v2\/posts\/9784","targetHints":{"allow":["GET"]}}],"collection":[{"href":"https:\/\/www.agriatv.hu\/index.php?rest_route=\/wp\/v2\/posts"}],"about":[{"href":"https:\/\/www.agriatv.hu\/index.php?rest_route=\/wp\/v2\/types\/post"}],"author":[{"embeddable":true,"href":"https:\/\/www.agriatv.hu\/index.php?rest_route=\/wp\/v2\/users\/4"}],"replies":[{"embeddable":true,"href":"https:\/\/www.agriatv.hu\/index.php?rest_route=%2Fwp%2Fv2%2Fcomments&post=9784"}],"version-history":[{"count":3,"href":"https:\/\/www.agriatv.hu\/index.php?rest_route=\/wp\/v2\/posts\/9784\/revisions"}],"predecessor-version":[{"id":9788,"href":"https:\/\/www.agriatv.hu\/index.php?rest_route=\/wp\/v2\/posts\/9784\/revisions\/9788"}],"wp:attachment":[{"href":"https:\/\/www.agriatv.hu\/index.php?rest_route=%2Fwp%2Fv2%2Fmedia&parent=9784"}],"wp:term":[{"taxonomy":"category","embeddable":true,"href":"https:\/\/www.agriatv.hu\/index.php?rest_route=%2Fwp%2Fv2%2Fcategories&post=9784"},{"taxonomy":"post_tag","embeddable":true,"href":"https:\/\/www.agriatv.hu\/index.php?rest_route=%2Fwp%2Fv2%2Ftags&post=9784"}],"curies":[{"name":"wp","href":"https:\/\/api.w.org\/{rel}","templated":true}]}}