{"id":9789,"date":"2013-03-29T19:31:50","date_gmt":"2013-03-29T19:31:50","guid":{"rendered":"http:\/\/www.agriatv.hu\/?p=9789"},"modified":"2013-03-29T19:32:54","modified_gmt":"2013-03-29T19:32:54","slug":"mszp-csokkenjen-22-kal-az-elelmiszerek-fogyasztoi-ara-alairasgyujtes-heves-megyeben","status":"publish","type":"post","link":"https:\/\/www.agriatv.hu\/?p=9789","title":{"rendered":"MSZP: Cs\u00f6kkenjen 22 %-kal az \u00e9lelmiszerek fogyaszt\u00f3i \u00e1ra \u2013 al\u00e1\u00edr\u00e1sgy\u0171jt\u00e9s Heves megy\u00e9ben"},"content":{"rendered":"<p><strong><a href=\"https:\/\/www.agriatv.hu\/wp-content\/uploads\/2013\/02\/0225mszp_v.jpg\"><img loading=\"lazy\" decoding=\"async\" class=\"alignleft size-medium wp-image-9566\" alt=\"0225mszp_v\" src=\"https:\/\/www.agriatv.hu\/wp-content\/uploads\/2013\/02\/0225mszp_v-300x240.jpg\" width=\"139\" height=\"91\" \/><\/a><\/strong>Al\u00e1\u00edr\u00e1sgy\u0171jt\u00e9si akci\u00f3t ind\u00edt Heves megy\u00e9ben az MSZP az \u00e9lelmiszerek \u00c1FA-j\u00e1nak cs\u00f6kkent\u00e9s\u00e9r\u0151l. Ez azt jelenti, hogy az \u00e9lelmiszerek megv\u00e1s\u00e1rl\u00e1s\u00e1n\u00e1l mintegy 22 sz\u00e1zal\u00e9kkal t\u00f6bb p\u00e9nz maradna a lakoss\u00e1gn\u00e1l.<\/p>\n<p>Az Orb\u00e1n-korm\u00e1ny 2011 \u00f3ta folyamatosan elveti ennek a megold\u00e1snak a lehet\u0151s\u00e9g\u00e9t, k\u00f6zben minden m\u00e1s ad\u00f3val, ad\u00f3emel\u00e9ssel szorongatj\u00e1k, nehez\u00edtik a \u2013 t\u00f6bbs\u00e9g\u00e9ben szeg\u00e9ny \u2013 emberek \u00e9let\u00e9t.<\/p>\n<p>Az MSZP a lakoss\u00e1g oldal\u00e1n \u00e1ll, \u00e9s a korm\u00e1nnyal szemben a mindennapi meg\u00e9lhet\u00e9s megk\u00f6nny\u00edt\u00e9s\u00e9t t\u0171zte ki c\u00e9lj\u00e1ul. A korm\u00e1nyp\u00e1rti ellenakarat elutas\u00edtotta az MSZP parlamenti,\u2013 az \u00e9lelmiszerek \u00c1FA-cs\u00f6kkent\u00e9s\u00e9re vonatkoz\u00f3 \u2013 t\u00f6rv\u00e9nyjavaslat\u00e1t.<\/p>\n<p><b>Teh\u00e1t Orb\u00e1n Viktor \u00e9s korm\u00e1nya nem szeretn\u00e9, ha jobban \u00e9ln\u00e9nek a magyar emberek. <\/b><\/p>\n<p><b>Az MSZP \u00edgy \u00d6n\u00f6kh\u00f6z, ezt a terhet visel\u0151 lakoss\u00e1ghoz fordul, az \u00d6n\u00f6k \u00e9rdek\u00e9ben k\u00f6vetelj\u00fck a korm\u00e1nyt\u00f3l, hogy a tej, a toj\u00e1s, a feh\u00e9r \u00e9s barna keny\u00e9r, a zs\u00f6mle, a kifli, a sert\u00e9s-, csirke,- \u00e9s pulykah\u00fas, az \u00e9desv\u00edzi halak, valamint a Magyarorsz\u00e1gon is term\u0151 z\u00f6lds\u00e9gek \u00e9s gy\u00fcm\u00f6lcs\u00f6k \u00c1FA-ja LEGYEN 5%!<\/b><\/p>\n<p><b>A FIDESZ \u00e1ltal bevezetett 27%-os \u00e9lelmiszereket terhel\u0151 ad\u00f3 a legmagasabb Eur\u00f3p\u00e1ban, ennek k\u00f6sz\u00f6nhet\u0151en egyre kevesebben tehetik meg, hogy mindennap megfelel\u0151 mennyis\u00e9g\u0171 \u00e9lelmiszerhez jussanak, egyre t\u00f6bben n\u00e9lk\u00fcl\u00f6znek, egyre t\u00f6bben \u00e9heznek! A KSH idei, febru\u00e1ri adatai szerint Magyarorsz\u00e1gon imm\u00e1r 1,5 milli\u00f3 f\u0151t tesz ki a m\u00e9lyszeg\u00e9nys\u00e9gben \u00e9l\u0151k sz\u00e1ma. <\/b><\/p>\n<p><b>Ez azt jelenti, hogy Magyarorsz\u00e1g lakoss\u00e1g\u00e1nak t\u00f6bb mint 15 sz\u00e1zal\u00e9ka nyomorog, ez Heves megy\u00e9ben csaknem 45-50 ezer embert \u00e9rint! <\/b><\/p>\n<p><b>K\u00e9rj\u00fck az emberek t\u00e1mogat\u00e1s\u00e1t al\u00e1\u00edr\u00e1sgy\u0171jt\u00e9si akci\u00f3nk sikeress\u00e9g\u00e9ben, mert csak \u00edgy ker\u00fclhet\u0151 el a mindenkire kiterjed\u0151 szoci\u00e1lis katasztr\u00f3fa. <\/b><\/p>\n<p><b>\u00a0<\/b><\/p>\n<p><b>\u00a0\u00a0\u00a0\u00a0\u00a0\u00a0\u00a0\u00a0\u00a0\u00a0\u00a0 <i>\u00a0\u00a0\u00a0\u00a0\u00a0\u00a0\u00a0\u00a0\u00a0\u00a0\u00a0\u00a0\u00a0\u00a0\u00a0\u00a0\u00a0\u00a0\u00a0\u00a0\u00a0\u00a0\u00a0 Kor\u00f3zs Lajos \u00a0\u00a0\u00a0\u00a0\u00a0\u00a0\u00a0\u00a0\u00a0\u00a0\u00a0\u00a0\u00a0\u00a0\u00a0\u00a0\u00a0\u00a0\u00a0\u00a0\u00a0\u00a0\u00a0\u00a0 \u00a0\u00a0\u00a0\u00a0\u00a0\u00a0\u00a0\u00a0\u00a0\u00a0\u00a0 Dr. S\u00f3s Tam\u00e1s<\/i><\/b><\/p>\n<p><b><i>\u00a0\u00a0\u00a0\u00a0\u00a0\u00a0\u00a0\u00a0\u00a0\u00a0\u00a0\u00a0\u00a0\u00a0\u00a0\u00a0\u00a0\u00a0\u00a0\u00a0\u00a0\u00a0\u00a0\u00a0\u00a0\u00a0\u00a0\u00a0\u00a0\u00a0\u00a0\u00a0\u00a0\u00a0 Eln\u00f6ks\u00e9gi tag \u00a0\u00a0\u00a0\u00a0\u00a0\u00a0\u00a0\u00a0\u00a0\u00a0\u00a0\u00a0\u00a0\u00a0\u00a0\u00a0\u00a0\u00a0\u00a0\u00a0\u00a0\u00a0\u00a0 \u00a0\u00a0\u00a0\u00a0\u00a0\u00a0\u00a0\u00a0\u00a0\u00a0\u00a0 \u00a0\u00a0\u00a0Orsz\u00e1ggy\u0171l\u00e9si k\u00e9pvisel\u0151<\/i><\/b><\/p>\n<p><b><i>\u00a0\u00a0\u00a0\u00a0\u00a0\u00a0\u00a0\u00a0\u00a0\u00a0<\/i><\/b><b><i>\u00a0\u00a0\u00a0\u00a0\u00a0\u00a0\u00a0\u00a0\u00a0\u00a0\u00a0\u00a0\u00a0\u00a0\u00a0\u00a0\u00a0\u00a0\u00a0\u00a0\u00a0\u00a0\u00a0\u00a0 \u00a0\u00a0\u00a0 MSZP \u00a0\u00a0\u00a0\u00a0\u00a0\u00a0\u00a0\u00a0\u00a0\u00a0\u00a0\u00a0\u00a0\u00a0\u00a0\u00a0\u00a0\u00a0\u00a0\u00a0\u00a0\u00a0\u00a0\u00a0\u00a0\u00a0\u00a0\u00a0\u00a0\u00a0\u00a0\u00a0\u00a0\u00a0\u00a0\u00a0\u00a0\u00a0\u00a0\u00a0\u00a0\u00a0 \u00a0\u00a0\u00a0\u00a0\u00a0\u00a0MSZP<\/i><\/b><\/p>\n<div class=\"wordtube\">\n<div class=\"wordtube single841\" id=\"WT1_1\" style=\"width:320px; height:240px;\">\n<a href=\"http:\/\/www.macromedia.com\/go\/getflashplayer\">Get the Flash Player<\/a> to see the wordTube Media Player.\n<\/div><\/div>\n\t<script type=\"text\/javascript\" defer=\"defer\">\nvar WT1_1 = {\n\tparams : {\n\t\twmode : \"opaque\",\n\t\tallowscriptaccess : \"always\",\n\t\tallownetworking : \"all\",\n\t\tallowfullscreen : \"true\"},\n\tflashvars : {\n\t\tfile : \"http%3A%2F%2Fwww.agriatv.hu%2Fwp-content%2Fuploads%2F2013%2F03%2F0329mszp.flv\",\n\t\tvolume : \"80\",\n\t\tbufferlength : \"5\",\n\t\tquality : \"false\",\n\t\t'logo.hide' : \"false\",\n\t\timage : \"http%3A%2F%2Fwww.agriatv.hu%2Fwp-content%2Fuploads%2F2013%2F03%2F0329mszp.jpg\",\n\t\ttitle : \"0329mszp.flv\",\n\t\tlinktarget : \"_self\"},\n\tattr : {\n\t\tid : \"WT1\",\n\t\tname : \"WT1\"},\n\tstart : function() {\n\t\tswfobject.embedSWF(\"https:\/\/www.agriatv.hu\/\/player.swf\", \"WT1_1\", \"320\", \"240\", \"9.0.0\", false, this.flashvars, this.params , this.attr );\n\t}\n}\nWT1_1.start();\n\t<\/script>\n\n<p>&nbsp;<\/p>\n<p>&nbsp;<\/p>\n<p>&nbsp;<\/p>\n<div id=\"irc_mimg\"><a id=\"irc_mil\" style=\"border: 0px none;\" href=\"http:\/\/www.google.hu\/url?sa=i&amp;rct=j&amp;q=&amp;esrc=s&amp;source=images&amp;cd=&amp;docid=Cp3h2J1_i438tM&amp;tbnid=gEo_FwOXIT2c9M:&amp;ved=0CAUQjRw&amp;url=http%3A%2F%2Fcsepel.info%2F%3Fp%3D25117&amp;ei=1-tVUfbRBsTVswbT3ID4AQ&amp;bvm=bv.44442042,d.Yms&amp;psig=AFQjCNHlhmyA-_yXsJ-Gb2wL0L5At5z-nw&amp;ust=1364671829189454\" data-ved=\"0CAUQjRw\"><img loading=\"lazy\" decoding=\"async\" class=\"alignleft\" id=\"irc_mi\" style=\"margin-top: 0px;\" alt=\"\" src=\"http:\/\/csepel.info\/wp-content\/uploads\/fidesz1.jpg\" width=\"72\" height=\"72\" \/><\/a><\/div>\n<p><strong>A Fidesz reag\u00e1l:<\/strong><\/p>\n<p style=\"text-align: left;\" align=\"center\"><b>Az MSZP megint komolytalan<\/b><\/p>\n<p>Sajn\u00e1latos, hogy az MSZP megint komolytalanul kezel komoly dolgokat. Az alapvet\u0151 \u00e9lelmiszerek \u00e1f\u00e1j\u00e1nak cs\u00f6kkent\u00e9se a szocialist\u00e1k r\u00e9sz\u00e9r\u0151l \u00fcres fecseg\u00e9s, hiszen korm\u00e1nyzati szerepben sohasem tett\u00e9k meg. S\u0151t, S\u00f3s Tam\u00e1s \u00e9s Mesterh\u00e1zy Attila is megszavazta, amikor a szocialista korm\u00e1ny az \u00e9lelmiszerek \u00e1f\u00e1j\u00e1t megemelte. Az MSZP szinte a teljes hazai \u00e9lelmiszeripart, az energetikai \u00e9s k\u00f6z\u00fczemi szolg\u00e1ltat\u00e1st is k\u00fclf\u00f6ldi k\u00e9zbe adta, \u00edgy ezek a c\u00e9gek \u00e9veken kereszt\u00fcl t\u00f6bbmilli\u00e1rd forint extraprofitot vehettek ki a magyar emberek zseb\u00e9b\u0151l. Az MSZP folyamatosan bankok \u00e9s k\u00fclf\u00f6ldi multinacion\u00e1lis c\u00e9gek oldal\u00e1n \u00e1ll, \u00a0mi\u00e9rt venn\u00e9nk komolyan, hogy most a magyar emberek \u00e9rdekeit akarj\u00e1k k\u00e9pviselni? Nagy k\u00fcl\u00f6nbs\u00e9g, hogy a most zajl\u00f3 rezsics\u00f6kkent\u00e9s a multic\u00e9gek extraprofitj\u00e1t hagyja a magyar csal\u00e1dok kassz\u00e1j\u00e1ban, m\u00edg az MSZP \u00e1facs\u00f6kkent\u0151 \u00f6tlete alapj\u00e1n mindez a k\u00f6lts\u00e9gvet\u00e9sb\u0151l hi\u00e1nyozna. \u00c9ppen el\u00e9gg\u00e9 terheli a k\u00f6lts\u00e9gvet\u00e9st a szocialist\u00e1k \u00e1ltal felhalmozott 1400 milli\u00e1rd forint ad\u00f3ss\u00e1gszolg\u00e1lat, melyet az orsz\u00e1gnak ebben az \u00e9vben kell teljes\u00edtenie.<\/p>\n<p>&nbsp;<\/p>\n<p style=\"text-align: left;\" align=\"right\">Dr. Gondos Istv\u00e1n<\/p>\n<p style=\"text-align: left;\" align=\"right\">frakci\u00f3vezet\u0151<\/p>\n<p style=\"text-align: left;\" align=\"right\">Heves Megyei K\u00f6zgy\u0171l\u00e9s<\/p>\n<p style=\"text-align: left;\" align=\"right\">FIDESZ-KDNP frakci\u00f3<\/p>\n<p>&nbsp;<\/p>\n","protected":false},"excerpt":{"rendered":"<p>Al\u00e1\u00edr\u00e1sgy\u0171jt\u00e9si akci\u00f3t ind\u00edt Heves megy\u00e9ben az MSZP az \u00e9lelmiszerek \u00c1FA-j\u00e1nak cs\u00f6kkent\u00e9s\u00e9r\u0151l. Ez azt jelenti, hogy az \u00e9lelmiszerek megv\u00e1s\u00e1rl\u00e1s\u00e1n\u00e1l mintegy 22 sz\u00e1zal\u00e9kkal t\u00f6bb p\u00e9nz maradna a lakoss\u00e1gn\u00e1l.<br \/>\nAz Orb\u00e1n-korm\u00e1ny 2011 \u00f3ta folyamatosan elveti ennek a megold\u00e1snak a lehet\u0151s\u00e9g\u00e9t, k\u00f6zben minden m\u00e1s ad\u00f3val, ad\u00f3emel\u00e9ssel szorongatj\u00e1k, nehez\u00edtik a \u2013 t\u00f6bbs\u00e9g\u00e9ben szeg\u00e9ny \u2013 emberek \u00e9let\u00e9t.<br \/>\nAz MSZP a lakoss\u00e1g oldal\u00e1n \u00e1ll, [&#8230;]<\/p>\n","protected":false},"author":4,"featured_media":0,"comment_status":"open","ping_status":"open","sticky":false,"template":"","format":"standard","meta":{"footnotes":""},"categories":[6,3],"tags":[809,1061,80,79],"class_list":["post-9789","post","type-post","status-publish","format-standard","hentry","category-belfold","category-politika","tag-afa","tag-elelmiszer","tag-fidesz","tag-mszp"],"_links":{"self":[{"href":"https:\/\/www.agriatv.hu\/index.php?rest_route=\/wp\/v2\/posts\/9789","targetHints":{"allow":["GET"]}}],"collection":[{"href":"https:\/\/www.agriatv.hu\/index.php?rest_route=\/wp\/v2\/posts"}],"about":[{"href":"https:\/\/www.agriatv.hu\/index.php?rest_route=\/wp\/v2\/types\/post"}],"author":[{"embeddable":true,"href":"https:\/\/www.agriatv.hu\/index.php?rest_route=\/wp\/v2\/users\/4"}],"replies":[{"embeddable":true,"href":"https:\/\/www.agriatv.hu\/index.php?rest_route=%2Fwp%2Fv2%2Fcomments&post=9789"}],"version-history":[{"count":3,"href":"https:\/\/www.agriatv.hu\/index.php?rest_route=\/wp\/v2\/posts\/9789\/revisions"}],"predecessor-version":[{"id":9792,"href":"https:\/\/www.agriatv.hu\/index.php?rest_route=\/wp\/v2\/posts\/9789\/revisions\/9792"}],"wp:attachment":[{"href":"https:\/\/www.agriatv.hu\/index.php?rest_route=%2Fwp%2Fv2%2Fmedia&parent=9789"}],"wp:term":[{"taxonomy":"category","embeddable":true,"href":"https:\/\/www.agriatv.hu\/index.php?rest_route=%2Fwp%2Fv2%2Fcategories&post=9789"},{"taxonomy":"post_tag","embeddable":true,"href":"https:\/\/www.agriatv.hu\/index.php?rest_route=%2Fwp%2Fv2%2Ftags&post=9789"}],"curies":[{"name":"wp","href":"https:\/\/api.w.org\/{rel}","templated":true}]}}