{"id":9793,"date":"2013-03-30T20:33:25","date_gmt":"2013-03-30T20:33:25","guid":{"rendered":"http:\/\/www.agriatv.hu\/?p=9793"},"modified":"2013-03-30T20:33:25","modified_gmt":"2013-03-30T20:33:25","slug":"kest-tartottak-a-nyakahoz","status":"publish","type":"post","link":"https:\/\/www.agriatv.hu\/?p=9793","title":{"rendered":"K\u00e9st tartottak a nyak\u00e1hoz"},"content":{"rendered":"<p align=\"justify\"><a href=\"https:\/\/www.agriatv.hu\/wp-content\/uploads\/2013\/03\/0330hatvan_kes_v.jpg\"><img loading=\"lazy\" decoding=\"async\" class=\"alignleft size-medium wp-image-9794\" alt=\"0330hatvan_kes_v\" src=\"https:\/\/www.agriatv.hu\/wp-content\/uploads\/2013\/03\/0330hatvan_kes_v-300x240.jpg\" width=\"129\" height=\"76\" \/><\/a>A Hatvani Rend\u0151rkapit\u00e1nys\u00e1g nyomoz\u00e1st ind\u00edtott ismeretlen tettesek ellen, akik 2013.m\u00e1rcius 27-\u00e9n, az esti \u00f3r\u00e1kban egy 60 \u00e9ves hatvani n\u0151 csal\u00e1di h\u00e1z\u00e1ba bementek.<\/p>\n<p align=\"justify\">Az id\u0151s asszony elmondta, hogy a k\u00e9t f\u00e9rfi a bejelent\u00e9st megel\u0151z\u0151 id\u0151ben a lak\u00e1sa bej\u00e1rati ajtaj\u00e1n\u00e1l tart\u00f3zkodtak, majd amikor oda\u00e9rt \u00e9s k\u00e9rd\u0151re vonta \u0151ket, akkor a k\u00e9t elk\u00f6vet\u0151 k\u00f6z\u00fcl az egyik odaszaladt hozz\u00e1 \u00e9s egy hossz\u00fa k\u00e9st a nyak\u00e1hoz szor\u00edtott, ek\u00f6zben a m\u00e1sik szem\u00e9ly kit\u00e9pte a nyak\u00e1ban l\u00e9v\u0151 l\u00e1ncot. Az ismeretlenek ezt k\u00f6vet\u0151en g\u00e9pj\u00e1rm\u0171vel t\u00e1voztak a helysz\u00ednr\u0151l.<\/p>\n<p align=\"justify\">A sz\u00e9les k\u00f6r\u0171 adatgy\u0171jt\u00e9snek k\u00f6sz\u00f6nhet\u0151en, a hatvani rend\u0151r\u00f6k elfogtak \u00e9s el\u0151\u00e1ll\u00edtottak egy budapesti f\u00e9rfit.<\/p>\n<p align=\"justify\">K. P\u00e9ter kihallgat\u00e1sa sor\u00e1n elmondta, hogy kor\u00e1bban t\u00e1rs\u00e1val m\u00e1r loptak ugyanebb\u0151l a hatvani csal\u00e1di h\u00e1zb\u00f3l.<\/p>\n<p align=\"justify\">Az elfogott elk\u00f6vet\u0151 t\u00e1rsa tudom\u00e1st szerzett r\u00f3la, hogy a rend\u0151rs\u00e9g keresi ez\u00e9rt \u00f6nk\u00e9nt feladta mag\u00e1t 2013. m\u00e1rcius 29-\u00e9n egy budapesti Ker\u00fcleti Rend\u0151rkapit\u00e1nys\u00e1gon.<\/p>\n<p align=\"justify\">K. P\u00e9ter \u00e9s K. Roland ellen \u2013 \u0151rizetbe v\u00e9tele mellett \u2013 rabl\u00e1s \u00e9s m\u00e1s b\u0171ncselekm\u00e9nyek elk\u00f6vet\u00e9s\u00e9nek megalapozott gyan\u00faja miatt ind\u00edtott elj\u00e1r\u00e1st a hatvani rend\u0151rkapit\u00e1nys\u00e1g, tov\u00e1bb\u00e1 ind\u00edtv\u00e1nyozta el\u0151zetes letart\u00f3ztat\u00e1s\u00e1nak elrendel\u00e9s\u00e9t.<div class=\"wordtube\">\n<div class=\"wordtube single842\" id=\"WT1_1\" style=\"width:320px; height:240px;\">\n<a href=\"http:\/\/www.macromedia.com\/go\/getflashplayer\">Get the Flash Player<\/a> to see the wordTube Media Player.\n<\/div><\/div>\n\t<script type=\"text\/javascript\" defer=\"defer\">\nvar WT1_1 = {\n\tparams : {\n\t\twmode : \"opaque\",\n\t\tallowscriptaccess : \"always\",\n\t\tallownetworking : \"all\",\n\t\tallowfullscreen : \"true\"},\n\tflashvars : {\n\t\tfile : \"http%3A%2F%2Fwww.agriatv.hu%2Fwp-content%2Fuploads%2F2013%2F03%2F0330hatvan_kes.flv\",\n\t\tvolume : \"80\",\n\t\tbufferlength : \"5\",\n\t\tquality : \"false\",\n\t\t'logo.hide' : \"false\",\n\t\timage : \"http%3A%2F%2Fwww.agriatv.hu%2Fwp-content%2Fuploads%2F2013%2F03%2F0330hatvan_kes.jpg\",\n\t\ttitle : \"0330hatvan_kes.flv\",\n\t\tlinktarget : \"_self\"},\n\tattr : {\n\t\tid : \"WT1\",\n\t\tname : \"WT1\"},\n\tstart : function() {\n\t\tswfobject.embedSWF(\"https:\/\/www.agriatv.hu\/\/player.swf\", \"WT1_1\", \"320\", \"240\", \"9.0.0\", false, this.flashvars, this.params , this.attr );\n\t}\n}\nWT1_1.start();\n\t<\/script>\n<\/p>\n","protected":false},"excerpt":{"rendered":"<p>A Hatvani Rend\u0151rkapit\u00e1nys\u00e1g nyomoz\u00e1st ind\u00edtott ismeretlen tettesek ellen, akik 2013.m\u00e1rcius 27-\u00e9n, az esti \u00f3r\u00e1kban egy 60 \u00e9ves hatvani n\u0151 csal\u00e1di h\u00e1z\u00e1ba bementek.<br \/>\nAz id\u0151s asszony elmondta, hogy a k\u00e9t f\u00e9rfi a bejelent\u00e9st megel\u0151z\u0151 id\u0151ben a lak\u00e1sa bej\u00e1rati ajtaj\u00e1n\u00e1l tart\u00f3zkodtak, majd amikor oda\u00e9rt \u00e9s k\u00e9rd\u0151re vonta \u0151ket, akkor a k\u00e9t elk\u00f6vet\u0151 k\u00f6z\u00fcl az egyik odaszaladt hozz\u00e1 \u00e9s [&#8230;]<\/p>\n","protected":false},"author":4,"featured_media":0,"comment_status":"open","ping_status":"open","sticky":false,"template":"","format":"standard","meta":{"footnotes":""},"categories":[5],"tags":[236,1329,692,122],"class_list":["post-9793","post","type-post","status-publish","format-standard","hentry","category-kek-hirek","tag-hatvan","tag-kes","tag-rablas","tag-rendorseg"],"_links":{"self":[{"href":"https:\/\/www.agriatv.hu\/index.php?rest_route=\/wp\/v2\/posts\/9793","targetHints":{"allow":["GET"]}}],"collection":[{"href":"https:\/\/www.agriatv.hu\/index.php?rest_route=\/wp\/v2\/posts"}],"about":[{"href":"https:\/\/www.agriatv.hu\/index.php?rest_route=\/wp\/v2\/types\/post"}],"author":[{"embeddable":true,"href":"https:\/\/www.agriatv.hu\/index.php?rest_route=\/wp\/v2\/users\/4"}],"replies":[{"embeddable":true,"href":"https:\/\/www.agriatv.hu\/index.php?rest_route=%2Fwp%2Fv2%2Fcomments&post=9793"}],"version-history":[{"count":3,"href":"https:\/\/www.agriatv.hu\/index.php?rest_route=\/wp\/v2\/posts\/9793\/revisions"}],"predecessor-version":[{"id":9797,"href":"https:\/\/www.agriatv.hu\/index.php?rest_route=\/wp\/v2\/posts\/9793\/revisions\/9797"}],"wp:attachment":[{"href":"https:\/\/www.agriatv.hu\/index.php?rest_route=%2Fwp%2Fv2%2Fmedia&parent=9793"}],"wp:term":[{"taxonomy":"category","embeddable":true,"href":"https:\/\/www.agriatv.hu\/index.php?rest_route=%2Fwp%2Fv2%2Fcategories&post=9793"},{"taxonomy":"post_tag","embeddable":true,"href":"https:\/\/www.agriatv.hu\/index.php?rest_route=%2Fwp%2Fv2%2Ftags&post=9793"}],"curies":[{"name":"wp","href":"https:\/\/api.w.org\/{rel}","templated":true}]}}