{"id":9929,"date":"2013-04-17T15:11:37","date_gmt":"2013-04-17T15:11:37","guid":{"rendered":"http:\/\/www.agriatv.hu\/?p=9929"},"modified":"2013-04-21T15:13:11","modified_gmt":"2013-04-21T15:13:11","slug":"sms-t-kuldott-tisza-a-fiatal-jelados-golya","status":"publish","type":"post","link":"https:\/\/www.agriatv.hu\/?p=9929","title":{"rendered":"SMS-t k\u00fcld\u00f6tt Tisza, a fiatal jelad\u00f3s g\u00f3lya"},"content":{"rendered":"<p>&nbsp;<\/p>\n<p><img loading=\"lazy\" decoding=\"async\" class=\"alignleft\" alt=\"\" src=\"http:\/\/www.egriszin.hu\/RenderedContents\/IndexImages\/10\/10435-20130420094709-tisza2.jpg\" width=\"150\" height=\"100\" \/><\/p>\n<p><b>\u00c1prilis 14-\u00e9n \u00fajra k\u00fcld\u00f6tt adatokat az elt\u0171ntnek hitt fiatal feh\u00e9r g\u00f3lya jelad\u00f3ja. 2012. okt\u00f3ber 7. \u00f3ta nem tudtak r\u00f3la semmit a Magyar Mad\u00e1rtani Egyes\u00fclet (MME) munkat\u00e1rsai, akik a \u201eMad\u00e1rv\u00e9delem \u00e9s kutat\u00e1s hat\u00e1rok n\u00e9lk\u00fcl\u201d projekt keret\u00e9ben 12 feh\u00e9r g\u00f3ly\u00e1t jel\u00f6ltek meg \u00faj t\u00edpus\u00fa jelad\u00f3kkal 2012 nyar\u00e1n.<\/b><\/p>\n<div align=\"justify\">Ezek a jelad\u00f3k, a kor\u00e1bbi t\u00edpusokkal szemben m\u00e1r GSM h\u00e1l\u00f3zatokon kereszt\u00fcl k\u00fcldik a GPS-el r\u00f6gz\u00edtett koordin\u00e1t\u00e1kat, \u00edgy a m\u00e9ret\u00fck \u00e9s \u00e9lettartamuk jelent\u0151sen cs\u00f6kkenthet\u0151. Azonban ha a madarak olyan helyen tart\u00f3zkodnak, ahol nincs megfelel\u0151 t\u00e9rer\u0151, akkor nem tudj\u00e1k elk\u00fcldeni a r\u00f6gz\u00edtett adatokat.A Tisza n\u00e9vre keresztelt mad\u00e1r a Szabolcs-Szatm\u00e1r-Bereg megyei Rakamazr\u00f3l sz\u00e1rmazik, s miut\u00e1n kalandos m\u00f3don, okt\u00f3ber elej\u00e9n meg\u00e9rkezett Szud\u00e1nba, t\u00f6bb\u00e9 nem kaptak r\u00f3la h\u00edrt az MME munkat\u00e1rsai. Miut\u00e1n n\u00e9h\u00e1ny h\u00e9tig nem \u00e9rkeztek adatok, sejthett\u00e9k, hogy a madarak a mobiltelefon h\u00e1l\u00f3zattal gyeng\u00e9n lefedett ter\u00fcleteken lehetnek, ahogy t\u00f6rt\u00e9nt ez a N\u00f3gr\u00e1d megy\u00e9b\u0151l sz\u00e1rmaz\u00f3 Patak eset\u00e9ben is, amikor Cs\u00e1db\u00f3l egy h\u00f3napon kereszt\u00fcl nem k\u00fcld\u00f6tt jeleket mag\u00e1r\u00f3l. Tisza eset\u00e9ben is rem\u00e9nykedtek a madar\u00e1szok, hogy el\u0151bb vagy ut\u00f3bb csak el\u0151ker\u00fcl, de 2-3 h\u00f3nap ut\u00e1n m\u00e1r nem sz\u00e1m\u00edtottak arra, hogy ez megt\u00f6rt\u00e9nik.<\/p>\n<p>Az \u00e1prilis 14-\u00e9n \u00fajra bejelentkez\u0151 Tisza jelad\u00f3ja elmentette a mad\u00e1r t\u00e9li tart\u00f3zkod\u00e1s\u00e1nak koordin\u00e1t\u00e1it, \u00edgy visszamen\u0151legesen is tudjuk, hogy a t\u00e9l nagy r\u00e9sz\u00e9t a 2011 j\u00falius\u00e1ban f\u00fcggetlenn\u00e9 v\u00e1l\u00f3 D\u00e9l-Szud\u00e1nban t\u00f6lt\u00f6tte, ahol napjainkban is polg\u00e1rh\u00e1bor\u00fas konfliktusok zajlanak. Val\u00f3sz\u00edn\u0171leg az orsz\u00e1g jelent\u0151s r\u00e9sz\u00e9n nem lehet t\u00fal j\u00f3 a GSM h\u00e1l\u00f3zat lefedetts\u00e9ge, \u00edgy tal\u00e1n nem meglep\u0151, hogy Tisza jelad\u00f3ja nem k\u00fcld\u00f6tt SMS-eket, csak azut\u00e1n, amikor elindult \u00e9szaki ir\u00e1nyba \u00e9s Egyiptomba \u00e9rkezett. Augusztusi indul\u00e1sa \u00f3ta mintegy 13-14 ezer kilom\u00e9tert tett meg, s lehet, hogy hamarosan itthon \u00fcdv\u00f6z\u00f6lhetj\u00fck. (A fiatal feh\u00e9r g\u00f3ly\u00e1k csak 3-4 \u00e9ves korukban kezdenek f\u00e9szkel\u00e9sbe, s jelent\u0151s r\u00e9sz\u00fck els\u0151 \u00e9ves kor\u00e1ban elpusztul. Az els\u0151 telel\u00e9s ut\u00e1n k\u00f3borolnak, s nagy r\u00e9sz\u00fck nem j\u00f6n m\u00e9g vissza a majdani k\u00f6lt\u0151ter\u00fclet\u00e9re.)<\/p>\n<p>K\u00fcl\u00f6n \u00e9rdekess\u00e9ge Tisza t\u00f6rt\u00e9net\u00e9nek, hogy az Afrik\u00e1t el\u00e9r\u0151 h\u00e1rom fiatal jelad\u00f3s g\u00f3lya k\u00f6z\u00fcl \u0151 az egyetlen, amelyik elindult \u00e9szaki ir\u00e1nyba \u00e9s elhagyta Afrik\u00e1t. Igaz Patakr\u00f3l \u00e9s a Szlov\u00e1ki\u00e1ban jel\u00f6lt Oliverr\u0151l r\u00e9g\u00f3ta nincsenek friss adatok, de rem\u00e9lhet\u0151en valamikor az \u0151 jelad\u00f3juk is \u00fajra bejelentkezik.<\/p>\n<\/div>\n<div align=\"justify\"><\/div>\n<div align=\"justify\">(MME)<\/div>\n<div align=\"justify\">Fot\u00f3: Nagy K\u00e1roly<\/div>\n","protected":false},"excerpt":{"rendered":"<p>&nbsp;<\/p>\n<p>\u00c1prilis 14-\u00e9n \u00fajra k\u00fcld\u00f6tt adatokat az elt\u0171ntnek hitt fiatal feh\u00e9r g\u00f3lya jelad\u00f3ja. 2012. okt\u00f3ber 7. \u00f3ta nem tudtak r\u00f3la semmit a Magyar Mad\u00e1rtani Egyes\u00fclet (MME) munkat\u00e1rsai, akik a \u201eMad\u00e1rv\u00e9delem \u00e9s kutat\u00e1s hat\u00e1rok n\u00e9lk\u00fcl\u201d projekt keret\u00e9ben 12 feh\u00e9r g\u00f3ly\u00e1t jel\u00f6ltek meg \u00faj t\u00edpus\u00fa jelad\u00f3kkal 2012 nyar\u00e1n.<br \/>\nEzek a jelad\u00f3k, a kor\u00e1bbi t\u00edpusokkal szemben m\u00e1r GSM h\u00e1l\u00f3zatokon kereszt\u00fcl [&#8230;]<\/p>\n","protected":false},"author":4,"featured_media":0,"comment_status":"open","ping_status":"open","sticky":false,"template":"","format":"standard","meta":{"footnotes":""},"categories":[6,4],"tags":[1637,1638,939,938,1391],"class_list":["post-9929","post","type-post","status-publish","format-standard","hentry","category-belfold","category-szabadido","tag-golya","tag-jelado","tag-madar","tag-mme","tag-tisza"],"_links":{"self":[{"href":"https:\/\/www.agriatv.hu\/index.php?rest_route=\/wp\/v2\/posts\/9929","targetHints":{"allow":["GET"]}}],"collection":[{"href":"https:\/\/www.agriatv.hu\/index.php?rest_route=\/wp\/v2\/posts"}],"about":[{"href":"https:\/\/www.agriatv.hu\/index.php?rest_route=\/wp\/v2\/types\/post"}],"author":[{"embeddable":true,"href":"https:\/\/www.agriatv.hu\/index.php?rest_route=\/wp\/v2\/users\/4"}],"replies":[{"embeddable":true,"href":"https:\/\/www.agriatv.hu\/index.php?rest_route=%2Fwp%2Fv2%2Fcomments&post=9929"}],"version-history":[{"count":2,"href":"https:\/\/www.agriatv.hu\/index.php?rest_route=\/wp\/v2\/posts\/9929\/revisions"}],"predecessor-version":[{"id":9931,"href":"https:\/\/www.agriatv.hu\/index.php?rest_route=\/wp\/v2\/posts\/9929\/revisions\/9931"}],"wp:attachment":[{"href":"https:\/\/www.agriatv.hu\/index.php?rest_route=%2Fwp%2Fv2%2Fmedia&parent=9929"}],"wp:term":[{"taxonomy":"category","embeddable":true,"href":"https:\/\/www.agriatv.hu\/index.php?rest_route=%2Fwp%2Fv2%2Fcategories&post=9929"},{"taxonomy":"post_tag","embeddable":true,"href":"https:\/\/www.agriatv.hu\/index.php?rest_route=%2Fwp%2Fv2%2Ftags&post=9929"}],"curies":[{"name":"wp","href":"https:\/\/api.w.org\/{rel}","templated":true}]}}